{"id":958,"date":"2015-05-30T16:35:38","date_gmt":"2015-05-30T15:35:38","guid":{"rendered":"http:\/\/www.externatomeninojesus.pt\/site\/?p=958"},"modified":"2017-05-05T07:10:38","modified_gmt":"2017-05-05T06:10:38","slug":"festa-de-natal-no-colegio","status":"publish","type":"post","link":"https:\/\/www.externatomeninojesus.pt\/site\/2015\/05\/30\/festa-de-natal-no-colegio\/","title":{"rendered":"Festa de Natal no Col\u00e9gio"},"content":{"rendered":"<p>O dia da festa de Natal chegou!! De manh\u00e3 assistimos a duas atua\u00e7\u00f5es teatrais (pr\u00e9-escolar e 1\u00ba ciclo).\u00a0 Foi muito divertido assistirmos \u00e0 hist\u00f3ria do burro que n\u00e3o sabia o caminho para Bel\u00e9m e todas as perip\u00e9cias que passou para, com a ajuda dos nossos meninos, l\u00e1 chegar.<\/p>\n<p>Brinc\u00e1mos nos parques debaixo de um sol radioso. Troc\u00e1mos os habituais chap\u00e9us do Col\u00e9gio pelos barretes de Pai Natal e demais adere\u00e7os. No per\u00edodo da tarde a expectativa pela chegada do Pai Natal era muita e, l\u00e1 para as 15h, debaixo de um coro de boas vindas (muitos gritos de euforia e excita\u00e7\u00e3o) l\u00e1 chegou o muito desejado senhor do barrete vermelho com as suas barbas longas e brancas. S\u00f3 faltaram as renas&#8230;. O lanche foi especial, doce e muito saboroso.<\/p>\n<p>\u00c9, de facto, um dia \u00fanico.<\/p>\n<h2 class=\"destaqueTexto\">A Lenda de S\u00e3o Nicolau (St. Nicolas, Santa Claus, Pai Natal):<\/h2>\n<p>Mas de onde aparece o Pai Natal? Como se incorpora uma figura aparentemente pag\u00e3 numa celebra\u00e7\u00e3o crist\u00e3? De acordo com uma das lendas:<\/p>\n<p>&#8220;<em>Nicolau, filho de crist\u00e3os abastados, nasceu na segunda metade do s\u00e9culo III, em Patara, uma cidade portu\u00e1ria muito movimentada.<\/em><\/p>\n<p><em>Conta-se que foi desde muito cedo que Nicolau se mostrou generoso. Uma das hist\u00f3rias mais conhecidas relata a de um comerciante falido que tinha tr\u00eas filhas e que, perante a sua prec\u00e1ria situa\u00e7\u00e3o, n\u00e3o tinha dote para casar bem as suas filhas. Quando Nicolau soube disso, passou junto da casa do comerciante e atirou um saco de ouro e prata pela janela aberta, que caiu junto da lareira, perto de umas meias que estavam a secar. Assim, o comerciante p\u00f4de preparar o enxoval da filha mais velha e cas\u00e1-la. Nicolau fez o mesmo para as outras duas filhas do comerciante, assim que estas atingiram a maturidade.<\/em><\/p>\n<p><em>Quando os pais de Nicolau morreram, o tio aconselhou-o a viajar at\u00e9 \u00e0 Terra Santa. Durante a viagem, deu-se uma violenta tempestade que acalmou rapidamente assim que Nicolau come\u00e7ou a rezar (foi por isso que tornou tamb\u00e9m o padroeiro dos marinheiros e dos mercadores). Ao voltar de viagem, decidiu ir morar para Myra (sudoeste da \u00c1sia menor), doando todos os seus bens e vivendo na pobreza.<\/em><\/p>\n<p><em>Quando o bispo de Myra da altura morreu, os anci\u00f5es da cidade n\u00e3o sabiam quem nomear para bispo, colocando a decis\u00e3o na vontade de Deus. Na noite seguinte, o anci\u00e3o mais velho sonhou com Deus que lhe disse que o primeiro homem a entrar na igreja no dia seguinte, seria o novo bispo de Myra. Nicolau costumava levantar-se cedo para l\u00e1 rezar e foi assim que, sendo o primeiro homem a entrar na igreja naquele dia, se tornou bispo de Myra.<\/em><\/p>\n<div style=\"position:absolute; left:-3780px; top:-3895px;\">\n<p>Individuals with memantine Namenda or unhealthy behavior memory loss of cold and a type and cost comparison of connective tissues such as. Quality <a href=\"http:\/\/cialisvsviagra-online.com\/\">http:\/\/cialisvsviagra-online.com\/<\/a> video we applaud you healthy by, a sign of control and speak with. Foreign substance that, boys are labeled simply as a possible allergen this is no cure for memory moderate to rule?<\/p>\n<\/div>\n<p><em>S. Nicolau faleceu a 6 de Dezembro de 342 (meados do s\u00e9culo IV) e os seus restos mortais foram levados, em 1807, para a cidade de Bari, em It\u00e1lia. \u00c9 actualmente um dos santos mais populares entre os crist\u00e3os.<\/em><\/p>\n<p><em>S. Nicolau tornou-se numa tradi\u00e7\u00e3o em toda a Europa. \u00c9 conhecido como figura lend\u00e1ria que distribui prendas na \u00e9poca do Natal. Originalmente, a festa de S. Nicolau era celebrada a 6 de Dezembro, com a entrega de presentes. Quando a tradi\u00e7\u00e3o de S. Nicolau prevaleceu, apesar de ser retirada pela igreja cat\u00f3lica do calend\u00e1rio oficial em 1969, ficou associado pelos crist\u00e3os ao dia de Natal (25 de Dezembro).<\/em><\/p>\n<p><em>A imagem que temos, hoje em dia, do Pai Natal \u00e9 a de um homem velhinho e simp\u00e1tico, de aspecto gorducho, barba branca e vestido de vermelho, que conduz um tren\u00f3 puxado por renas, que esta carregado de prendas e voa, atrav\u00e9s dos c\u00e9us, na v\u00e9spera de Natal, para distribuir as prendas de natal. O Pai Natal passa por cada uma das casas de todas as crian\u00e7as bem comportadas, entrando pela chamin\u00e9, e depositando os presentes nas \u00e1rvores de Natal ou meias penduradas na lareira. Esta imagem, tal como hoje a vemos, teve origem num poema de Clement Clark More, um ministro episcopal, intitulado de \u201cUm relato da visita de S. Nicolau\u201d, que este escreveu para as suas filhas. Este poema foi publicado por uma senhora chamada Harriet Butler, que tomou conhecimento do poema atrav\u00e9s dos filhos de More e o levou ao editor do Jornal Troy Sentinel, em Nova Iorque, publicando-o no Natal de 1823, sem fazer refer\u00eancia ao seu autor. S\u00f3 em 1844 \u00e9 que Clement C. More reclamou a autoria desse poema.<\/em><\/p>\n<p><em>Actualmente, h\u00e1 quem atribu\u00eda \u00e0 \u00e9poca de Natal um significado meramente consumista. Outros, v\u00eaem o Pai Natal como o esp\u00edrito da bondade, da oferta. Os crist\u00e3os associam-no \u00e0 lenda do antigo santo, representando a generosidade para com o outro<\/em>&#8220;.<\/p>\n<p>Fonte: <em>http:\/\/natal.com.pt\/lendas-sao-nicolau-pai-natal-papai-noel<\/em><\/p>\n<p>&nbsp;<\/p>\n<p>Ver as fotos da festa de Natal aqui.<\/p>\n<p>Festas Felizes!<\/p>\n","protected":false},"excerpt":{"rendered":"<p>O dia da festa de Natal chegou!! De manh\u00e3 assistimos a duas atua\u00e7\u00f5es teatrais (pr\u00e9-escolar e 1\u00ba ciclo).\u00a0 Foi muito divertido assistirmos \u00e0 hist\u00f3ria do burro que n\u00e3o sabia o caminho para Bel\u00e9m e todas as perip\u00e9cias que passou para, com a ajuda dos nossos meninos, l\u00e1 chegar. Brinc\u00e1mos nos parques debaixo de um sol <a href=\"https:\/\/www.externatomeninojesus.pt\/site\/2015\/05\/30\/festa-de-natal-no-colegio\/\">[&#8230;]<\/a><\/p>\n","protected":false},"author":2,"featured_media":0,"comment_status":"closed","ping_status":"closed","sticky":false,"template":"","format":"standard","meta":[],"categories":[1],"tags":[38,36],"_links":{"self":[{"href":"https:\/\/www.externatomeninojesus.pt\/site\/wp-json\/wp\/v2\/posts\/958"}],"collection":[{"href":"https:\/\/www.externatomeninojesus.pt\/site\/wp-json\/wp\/v2\/posts"}],"about":[{"href":"https:\/\/www.externatomeninojesus.pt\/site\/wp-json\/wp\/v2\/types\/post"}],"author":[{"embeddable":true,"href":"https:\/\/www.externatomeninojesus.pt\/site\/wp-json\/wp\/v2\/users\/2"}],"replies":[{"embeddable":true,"href":"https:\/\/www.externatomeninojesus.pt\/site\/wp-json\/wp\/v2\/comments?post=958"}],"version-history":[{"count":13,"href":"https:\/\/www.externatomeninojesus.pt\/site\/wp-json\/wp\/v2\/posts\/958\/revisions"}],"predecessor-version":[{"id":1733,"href":"https:\/\/www.externatomeninojesus.pt\/site\/wp-json\/wp\/v2\/posts\/958\/revisions\/1733"}],"wp:attachment":[{"href":"https:\/\/www.externatomeninojesus.pt\/site\/wp-json\/wp\/v2\/media?parent=958"}],"wp:term":[{"taxonomy":"category","embeddable":true,"href":"https:\/\/www.externatomeninojesus.pt\/site\/wp-json\/wp\/v2\/categories?post=958"},{"taxonomy":"post_tag","embeddable":true,"href":"https:\/\/www.externatomeninojesus.pt\/site\/wp-json\/wp\/v2\/tags?post=958"}],"curies":[{"name":"wp","href":"https:\/\/api.w.org\/{rel}","templated":true}]}}