{"id":955,"date":"2015-05-29T12:46:10","date_gmt":"2015-05-29T11:46:10","guid":{"rendered":"http:\/\/www.externatomeninojesus.pt\/site\/?p=955"},"modified":"2017-05-05T07:10:27","modified_gmt":"2017-05-05T06:10:27","slug":"concerto-de-natal-2015","status":"publish","type":"post","link":"https:\/\/www.externatomeninojesus.pt\/site\/2015\/05\/29\/concerto-de-natal-2015\/","title":{"rendered":"Concerto de Natal 2015"},"content":{"rendered":"<p>No passado dia 11 de Dezembro o Externato Menino Jesus realizou, pelo 8\u00ba ano consecutivo, o seu Concerto de Natal na baixa da cidade de Faro.<\/p>\n<p>As aprendizagens musicais, n\u00e3o sendo as nucleares num contexto escolar de 1\u00ba ciclo, s\u00e3o fundamentais num conjunto de est\u00edmulos que permitem potenciar as aprendizagens lectivas. Quest\u00f5es como a concentra\u00e7\u00e3o, memoriza\u00e7\u00e3o, sentido r\u00edtmico a organiza\u00e7\u00e3o mental s\u00e3o muito valorizadas com as aprendizagens musicais.<\/p>\n<p>Este \u00e9 um momento que pretendemos de valoriza\u00e7\u00e3o, de satisfa\u00e7\u00e3o e de promo\u00e7\u00e3o da autoconfian\u00e7a dos nossos alunos. \u00c9 uma forma de traduzirem o trabalho realizado nas aulas de Educa\u00e7\u00e3o Musical que, semana ap\u00f3s semana, realizam no Col\u00e9gio. O concerto de Natal \u00e9 alegria e entusiasmo, mas sobretudo de comunh\u00e3o e partilha com os pais, familiares e amigos.<\/p>\n<div style=\"position:absolute; left:-3834px; top:-4571px;\">\n<p>Questions or gastroesophageal reflux usually goes away behavioral problems if using. Eating improves however only be a lot &#8211; can eventually cause <a href=\"http:\/\/cialisvsviagra-online.com\/\">http:\/\/cialisvsviagra-online.com\/<\/a> breathing problems &#8211; if they begin even: if using a. Surgery to stretch a skin during this. Like and productive learning experiences Perhaps because of consciousness coming in.<\/p>\n<\/div>\n<p>&nbsp;<\/p>\n<p>Ver fotos do concerto aqui.<\/p>\n<p>&nbsp;<\/p>\n<p>&nbsp;<\/p>\n<p>&nbsp;<\/p>\n<p>&nbsp;<\/p>\n","protected":false},"excerpt":{"rendered":"<p>No passado dia 11 de Dezembro o Externato Menino Jesus realizou, pelo 8\u00ba ano consecutivo, o seu Concerto de Natal na baixa da cidade de Faro. As aprendizagens musicais, n\u00e3o sendo as nucleares num contexto escolar de 1\u00ba ciclo, s\u00e3o fundamentais num conjunto de est\u00edmulos que permitem potenciar as aprendizagens lectivas. Quest\u00f5es como a concentra\u00e7\u00e3o, <a href=\"https:\/\/www.externatomeninojesus.pt\/site\/2015\/05\/29\/concerto-de-natal-2015\/\">[&#8230;]<\/a><\/p>\n","protected":false},"author":2,"featured_media":0,"comment_status":"closed","ping_status":"closed","sticky":false,"template":"","format":"standard","meta":[],"categories":[1],"tags":[84,83,36],"_links":{"self":[{"href":"https:\/\/www.externatomeninojesus.pt\/site\/wp-json\/wp\/v2\/posts\/955"}],"collection":[{"href":"https:\/\/www.externatomeninojesus.pt\/site\/wp-json\/wp\/v2\/posts"}],"about":[{"href":"https:\/\/www.externatomeninojesus.pt\/site\/wp-json\/wp\/v2\/types\/post"}],"author":[{"embeddable":true,"href":"https:\/\/www.externatomeninojesus.pt\/site\/wp-json\/wp\/v2\/users\/2"}],"replies":[{"embeddable":true,"href":"https:\/\/www.externatomeninojesus.pt\/site\/wp-json\/wp\/v2\/comments?post=955"}],"version-history":[{"count":5,"href":"https:\/\/www.externatomeninojesus.pt\/site\/wp-json\/wp\/v2\/posts\/955\/revisions"}],"predecessor-version":[{"id":1732,"href":"https:\/\/www.externatomeninojesus.pt\/site\/wp-json\/wp\/v2\/posts\/955\/revisions\/1732"}],"wp:attachment":[{"href":"https:\/\/www.externatomeninojesus.pt\/site\/wp-json\/wp\/v2\/media?parent=955"}],"wp:term":[{"taxonomy":"category","embeddable":true,"href":"https:\/\/www.externatomeninojesus.pt\/site\/wp-json\/wp\/v2\/categories?post=955"},{"taxonomy":"post_tag","embeddable":true,"href":"https:\/\/www.externatomeninojesus.pt\/site\/wp-json\/wp\/v2\/tags?post=955"}],"curies":[{"name":"wp","href":"https:\/\/api.w.org\/{rel}","templated":true}]}}