{"id":874,"date":"2015-12-29T11:27:38","date_gmt":"2015-12-29T11:27:38","guid":{"rendered":"http:\/\/www.externatomeninojesus.pt\/site\/?p=874"},"modified":"2016-12-19T16:06:29","modified_gmt":"2016-12-19T16:06:29","slug":"aprender-com-a-familia","status":"publish","type":"post","link":"https:\/\/www.externatomeninojesus.pt\/site\/2015\/12\/29\/aprender-com-a-familia\/","title":{"rendered":"Aprender com a fam\u00edlia."},"content":{"rendered":"<p>As escolas devem fomentar estrat\u00e9gias que promovam uma aproxima\u00e7\u00e3o das fam\u00edlias \u00e0 escola. Os pais devem acompanhar o quotidiano dos seus educandos e cabe \u00e0 escola permitir momentos de envolvimento parental na escola. O projeto &#8220;Aprender com a fam\u00edlia&#8221; pretende uma articula\u00e7\u00e3o e complementaridade com as familias, na abordagem de conte\u00fados \u00fateis e que valorizem as aprendizagens. O gosto pelas aprendizagens e a valoriza\u00e7\u00e3o dos conhecimentos \u00e9 um elemento central na rela\u00e7\u00e3o do aluno com a escola.<\/p>\n<p><strong>Av\u00f3 da In\u00eas<\/strong> &#8211; A av\u00f3 da In\u00eas contou-nos uma bela hist\u00f3ria sobre &#8220;A lagartinha muito comilona&#8221;. A hist\u00f3ria \u00e9 recomendada pelo Plano Nacional de Leitura e permite abordar e perceber o conceito de metamorfose nos insetos.<\/p>\n<p>\u201c\u2026\u00c0 luz da Lua, um pequenino ovo descansava numa folha. Num domingo de manh\u00e3 o sol quente chegou e &#8220;PLOC&#8221;!&#8230;, de dentro do ovo saiu uma lagartinha magra e esfomeada\u2026\u201d<\/p>\n<p>No final, os alunos da sala dos 5 anos realizaram desenhos sobre as diversas fases da metamorfose da borboleta. Aprenderam e divertiram-se com uma aula diferente.<\/p>\n<p><strong>M\u00e3e da Laura<\/strong> &#8211; A m\u00e3e da Laura confecionou, na sala da aula, dois salames. Um de chocolate e outro de alfarroba. Os dois salames permitiram perceber as diferen\u00e7as de paladar (entre o chocolate e a alfarroba) e explorar os conte\u00fados nutricionais e as vantagens da alfarroba como elemento valioso da nossa culin\u00e1ria e da ind\u00fastria alimentar.<\/p>\n<p>A Alfarroba, foi em tempos, um alimento de particular import\u00e2ncia, nomeadamente no sul de Portugal, onde ainda faz parte do receitu\u00e1rio da do\u00e7aria tradicional, apesar de quase j\u00e1 n\u00e3o ser usada. As suas sementes semelhantes a favas, mas de tom castanho, s\u00e3o de alto valor nutritivo. As sementes podem ser trituradas e usadas em substitui\u00e7\u00e3o do cacau (suced\u00e2neo do chocolate). Na ind\u00fastria alimentar \u00e9 usada com estabilizador e agente escurecedor.<\/p>\n<p>Enquanto o cacau possui at\u00e9 23% de gordura e 5% de a\u00e7\u00facar, a alfarroba possui 0,7% de gordura e um alto teor de a\u00e7\u00facares naturais (sacarose, glicose e frutose), em torno de 38 a 45%. Cont\u00e9m vitamina B1- colaboradora para o bom funcionamento do sistema nervoso, m\u00fasculos, cora\u00e7\u00e3o e melhoria da atitude mental e do racioc\u00ednio &#8211; tanto quanto o espargo ou morango, a mesma quantidade de niacina (mant\u00e9m a boa condi\u00e7\u00e3o da pele) do feij\u00e3o fava, lentilha e ervilha. Tem mais vitamina A &#8211; que \u00e9 essencial para o crescimento dos ossos e dentes, vitalidade da pele e sa\u00fade da vis\u00e3o &#8211; do que a beringela, o espargo e a beterraba. Possui ainda alto teor de vitamina B2 (respons\u00e1vel por extrair energia de gorduras, prote\u00ednas e carboidratos no nosso corpo), c\u00e1lcio, magn\u00e9sio e ferro, bem como um correto balanceamento de pot\u00e1ssio e s\u00f3dio.<\/p>\n<div align=\"justify\">\u00a0A alfarroba n\u00e3o possui qualquer agente estimulante, tal como a cafe\u00edna presente no cacau. Embora apresente um alto teor de a\u00e7\u00facares possui um baixo conte\u00fado cal\u00f3rico devido \u00e0 quantidade quase impercept\u00edvel de gorduras e alta quantidade de fibras naturais.<\/div>\n<div align=\"justify\"><\/div>\n<div align=\"justify\">Foi uma aula diferente, muito doce, e onde se percebeu as vantagens da alfarroba na nossa alimenta\u00e7\u00e3o.<\/div>\n<div align=\"justify\"><\/div>\n<div align=\"justify\"><strong>M\u00e3e da Gabriela<\/strong> &#8211; A m\u00e3e da Gabriela\u00a0 deu-nos uma aula sobre a import\u00e2ncia de ler e contar hist\u00f3rias.\u00a0 O h\u00e1bito de ouvir hist\u00f3rias torna-se uma maneira importante de constru\u00e7\u00e3o do conhecimento, mesmo antes de saber ler. \u00c9 de ouvi-las que se treina a rela\u00e7\u00e3o com o mundo, fazendo do momento de contar, recontar, inventar e ouvir o est\u00edmulo para manter viva a import\u00e2ncia da leitura. A crian\u00e7a que, desde muito cedo, entrar em contacto com obras liter\u00e1rias ter\u00e1 uma compreens\u00e3o muito maior de si e do outro, e tem a oportunidade de desenvolver o seu potencial criativo e ampliar seus horizontes de cultura e do conhecimento.<\/div>\n<div align=\"justify\"><\/div>\n<div align=\"justify\">Ouvir ler permite a amplia\u00e7\u00e3o do vocabul\u00e1rio da crian\u00e7a e a constru\u00e7\u00e3o de novos significados, contribui indubitavelmente para aumentar os seus conhecimentos sobre todos os aspetos da l\u00edngua.<\/div>\n<div align=\"justify\">A literatura infantil deveria estar presente na vida da crian\u00e7a da mesma forma que os alimentos saud\u00e1veis, pois ambos cooperam para um desenvolvimento equilibrado. Um \u00e9 o alimento para seu desenvolvimento f\u00edsico e o outro para o desenvolvimento intelectual e afetivo.<\/div>\n<div align=\"justify\"><\/div>\n<div align=\"justify\">Na sala de aula realizamos exerc\u00edcios para aquecer a voz. Descobrimos o prazer de (re)inventar hist\u00f3rias a partir de v\u00e1rios desenhos, que serviram de suporta \u00e0 efabula\u00e7\u00e3o e \u00e0 imagina\u00e7\u00e3o. A imagina\u00e7\u00e3o tamb\u00e9m se treina. Ela \u00e9 a mat\u00e9ria prima dos sonhos.<\/div>\n<div align=\"justify\"><\/div>\n<div align=\"justify\"><strong>M\u00e3e da Leonor<\/strong> &#8211; A m\u00e3e da Leonor foi a nossa professora numa aula sobre a alimenta\u00e7\u00e3o e h\u00e1bitos alimentares saud\u00e1veis e equilibrados, que s\u00e3o fundamentais para garantir a sa\u00fade, o crescimento e o desenvolvimento equilibrado das crian\u00e7as. Uma alimenta\u00e7\u00e3o saud\u00e1vel permite prevenir doen\u00e7as e evita defici\u00eancias nutricionais. Alguns erros e m\u00e1s escolhas prejudicam a forma\u00e7\u00e3o de h\u00e1bitos alimentares saud\u00e1veis e podem favorecer o aparecimento de doen\u00e7as, ainda na inf\u00e2ncia, como obesidade, press\u00e3o alta e diabetes.<br \/>\nProject\u00e1mos slides que exploraram os seguintes temas:<br \/>\n\u2022 O que \u00e9 uma alimenta\u00e7\u00e3o saud\u00e1vel.<br \/>\n\u2022 Porque se deve fazer uma alimenta\u00e7\u00e3o saud\u00e1vel?.<br \/>\n\u2022 Como fazer uma alimenta\u00e7\u00e3o saud\u00e1vel?.<br \/>\n\u2022 Regras para uma alimenta\u00e7\u00e3o saud\u00e1vel.<\/div>\n<p>Percebemos que uma alimenta\u00e7\u00e3o saud\u00e1vel n\u00e3o \u00e9 uma alimenta\u00e7\u00e3o restritiva, sem sabor e complicada. Pelo contr\u00e1rio! Uma alimenta\u00e7\u00e3o saud\u00e1vel tem de ser completa, variada e equilibrada em que todos os alimentos necess\u00e1rios para o nosso dia-a-dia est\u00e3o presentes&#8230;Aprendemos e divertimo-nos!!!!<\/p>\n<p><strong>M\u00e3e do Jo\u00e3o<\/strong> &#8211; A m\u00e3e do Jo\u00e3o contou-nos a hist\u00f3ria do Nabo Gigante. O Nabo Gigante, um conto original russo, recolhido por Alexis Tolstoi no s\u00e9c. XIX, tem os ingredientes de um conto popular verdadeiramente hilariante, pensado para crian\u00e7as com menos de 6 anos e para todos os que se iniciam no mundo da leitura. Acompanha as atribula\u00e7\u00f5es de um simp\u00e1tico casal de velhinhos e de um grande, enorme, gigantesco Nabo&#8230;&#8230;<strong><br \/>\n<\/strong><\/p>\n<p><strong> &#8220;<\/strong>Contar hist\u00f3rias \u00e9 determinante, uma vez que para al\u00e9m de ajudar na forma\u00e7\u00e3o das crian\u00e7as, estimula-as a tornarem-se leitores. Abre-lhes simultaneamente o caminho para um mundo infinito de descobertas, e de compreens\u00e3o do mesmo&#8221;.<\/p>\n<p>Realiz\u00e1mos um desenho sobre a hist\u00f3ria e decor\u00e1mos uma r\u00e9gua que auxiliou o recontar da hist\u00f3ria. Foi mais uma aula diferente e muito divertida.<\/p>\n<p><strong>M\u00e3e da Beatriz T.<\/strong> &#8211; A m\u00e3e da Beatriz explicou-nos como funciona um parque aqu\u00e1tico e, sobretudo, quais os cuidados a ter num parque aqu\u00e1tico. Foi uma aula cheia de oportunidade. Estamos no Ver\u00e3o e, certamente, muitos de n\u00f3s iremos, com as nossas fam\u00edlias, a parques aqu\u00e1ticos. Agora j\u00e1 conhecemos os perigos e como os evitar. Cumprir as regras \u00e9 sempre importante e mais seguro. Queremo-nos divertir muito, mas sempre em seguran\u00e7a.<\/p>\n<p><strong>M\u00e3e da Beatriz B<\/strong>. &#8211; Ouvimos um conto fant\u00e1stico que captou a nossa aten\u00e7\u00e3o. Fez-nos imaginar e sonhar com outras realidades.<\/p>\n<p>&#8220;O conto \u00e9 um instrumento rico, aberto e pertencente a todos como objetivo cultural, capaz de abrir novas dimens\u00f5es na nossa vida imagin\u00e1ria. O conto por si s\u00f3 j\u00e1 possui um valor terap\u00eautico, pois permite \u00e0 crian\u00e7a tratar de uma forma l\u00fadica, aberta e n\u00e3o amea\u00e7adora, assuntos, que de outra maneira poderiam ser dif\u00edceis de tratar. O conto desenvolve a capacidade de simbolizar, de criar, de fantasiar, servindo, por isso mesmo, de modelo de preven\u00e7\u00e3o de comportamentos e de estabilidade emocional.&#8221;<\/p>\n<p><strong>M\u00e3e da Joana <\/strong>&#8211; Com a m\u00e3e da Joana percebemos o que faz uma advogada, onde trabalha e a import\u00e2ncia da profiss\u00e3o. Percebemos que veste um vestido especial para ir trabalhar (a toga), que existe um livro muito importante com as leis (c\u00f3digo civil), e que n\u00e3o h\u00e1 justi\u00e7a sem advogados. Vestimos a toga e divertimo-nos muito. Aprendemos sobre uma profiss\u00e3o que n\u00e3o conhec\u00edamos bem.<\/p>\n<p>O termo Advogado prov\u00e9m do latim, \u201c<em>ad vocatus<\/em>\u201d, que significa aquele que foi chamado para socorrer outro perante a justi\u00e7a, significa tamb\u00e9m patrono, ou defensor.<\/p>\n<p><strong>M\u00e3e do Raul<\/strong> &#8211; Trat\u00e1mos de uma forma imaginativa e muito entusiasmante uma dificuldade que todas as crian\u00e7as t\u00eam de ultrapassar: &#8220;aprender a atar os cord\u00f5es&#8221;. Para as crian\u00e7as at\u00e9 aos 5 anos atar os cord\u00f5es \u00e9 dif\u00edcil e exigente do ponto de vista da coordena\u00e7\u00e3o motora. O segredo para os ensinar a atar, de forma correta, os sapatos \u00e9 sempre optar por ensinamentos que lhes prendam a aten\u00e7\u00e3o e ao mesmo tempo os guiem de forma f\u00e1cil a seguir os passos necess\u00e1rios. N\u00e3o se deve for\u00e7ar a crian\u00e7a a aprender, tudo leva tempo e eles t\u00eam de o querer fazer. T\u00eam de sentir essa necessidade.<\/p>\n<p>A utiliza\u00e7\u00e3o de cartolinas (com a forma do sapato) e de lacinhos ajudaram e entusiasmaram todos os alunos. Depois da aula, e nos dias seguintes, os sapatinhos dos alunos da sala dos 5 anos andaram sempre impecavelmente atados. Resultou!!<\/p>\n<p><strong>M\u00e3e da Diana<\/strong> &#8211; Realiz\u00e1mos, nesta aula, uma gincana. O jogo da gincana proporciona aos alunos momentos de divers\u00e3o, atrav\u00e9s de atividades motivadoras que incentivam o trabalho em equipe e o respeito m\u00fatuo.<br \/>\nPermite desenvolver nas crian\u00e7as a capacidade de organizar estrat\u00e9gias, a fim de potencializar o racioc\u00ednio l\u00f3gico e cognitivo. Mais uma aula diferente e muito divertida!!<\/p>\n<p>&nbsp;<\/p>\n<p>Ver <a href=\"https:\/\/www.flickr.com\/photos\/emj_faro\/sets\/72157656091558580\">fotos<\/a> das diferentes aulas.<\/p>\n","protected":false},"excerpt":{"rendered":"<p>As escolas devem fomentar estrat\u00e9gias que promovam uma aproxima\u00e7\u00e3o das fam\u00edlias \u00e0 escola. Os pais devem acompanhar o quotidiano dos seus educandos e cabe \u00e0 escola permitir momentos de envolvimento parental na escola. O projeto &#8220;Aprender com a fam\u00edlia&#8221; pretende uma articula\u00e7\u00e3o e complementaridade com as familias, na abordagem de conte\u00fados \u00fateis e que valorizem <a href=\"https:\/\/www.externatomeninojesus.pt\/site\/2015\/12\/29\/aprender-com-a-familia\/\">[&#8230;]<\/a><\/p>\n","protected":false},"author":2,"featured_media":0,"comment_status":"closed","ping_status":"closed","sticky":false,"template":"","format":"standard","meta":[],"categories":[1],"tags":[76,74,75],"_links":{"self":[{"href":"https:\/\/www.externatomeninojesus.pt\/site\/wp-json\/wp\/v2\/posts\/874"}],"collection":[{"href":"https:\/\/www.externatomeninojesus.pt\/site\/wp-json\/wp\/v2\/posts"}],"about":[{"href":"https:\/\/www.externatomeninojesus.pt\/site\/wp-json\/wp\/v2\/types\/post"}],"author":[{"embeddable":true,"href":"https:\/\/www.externatomeninojesus.pt\/site\/wp-json\/wp\/v2\/users\/2"}],"replies":[{"embeddable":true,"href":"https:\/\/www.externatomeninojesus.pt\/site\/wp-json\/wp\/v2\/comments?post=874"}],"version-history":[{"count":24,"href":"https:\/\/www.externatomeninojesus.pt\/site\/wp-json\/wp\/v2\/posts\/874\/revisions"}],"predecessor-version":[{"id":1326,"href":"https:\/\/www.externatomeninojesus.pt\/site\/wp-json\/wp\/v2\/posts\/874\/revisions\/1326"}],"wp:attachment":[{"href":"https:\/\/www.externatomeninojesus.pt\/site\/wp-json\/wp\/v2\/media?parent=874"}],"wp:term":[{"taxonomy":"category","embeddable":true,"href":"https:\/\/www.externatomeninojesus.pt\/site\/wp-json\/wp\/v2\/categories?post=874"},{"taxonomy":"post_tag","embeddable":true,"href":"https:\/\/www.externatomeninojesus.pt\/site\/wp-json\/wp\/v2\/tags?post=874"}],"curies":[{"name":"wp","href":"https:\/\/api.w.org\/{rel}","templated":true}]}}