{"id":865,"date":"2015-12-02T10:09:23","date_gmt":"2015-12-02T10:09:23","guid":{"rendered":"http:\/\/www.externatomeninojesus.pt\/site\/?p=865"},"modified":"2016-12-19T16:06:08","modified_gmt":"2016-12-19T16:06:08","slug":"a-horta-das-joaninhas","status":"publish","type":"post","link":"https:\/\/www.externatomeninojesus.pt\/site\/2015\/12\/02\/a-horta-das-joaninhas\/","title":{"rendered":"A Horta das Joaninhas."},"content":{"rendered":"<p>A sala dos 3 anos &#8211; sala das Joaninhas &#8211; organizou-se e construiu uma horta. Morangos, tomates, pimentos, couves, alfaces, coentros, courgetes, mangeric\u00e3o, feij\u00e3o, gr\u00e3o e hortel\u00e3&#8230;.Tudo cresceu, com sol em quantidades adequadas, \u00e0gua e muita admira\u00e7\u00e3o dos nossos meninos!<\/p>\n<p>Os la\u00e7os com o mundo rural v\u00e3o-se gradualmente perdendo numa sociedade cada vez mais urbana. Os av\u00f3s j\u00e1 n\u00e3o vivem no campo e as fam\u00edlas j\u00e1 n\u00e3o v\u00e3o \u00e0 aldeia passar o fim de semana ou as f\u00e9rias. Os grandes supermercados abastecem todas as nossas necessidades alimentares. Vamo-nos <em>esquecendo<\/em> de explicar \u00e0s nossas crian\u00e7as a proveni\u00eancia dos bens alimentares que entram em casa diariamente. A horta na Escola contribuiu para:<\/p>\n<ul>\n<li>Compreender o ciclo de vida das plantas e os cuidados que necessitam.<\/li>\n<li>Incentivar as crian\u00e7as a fazerem perguntas e procurarem respostas, atrav\u00e9s das suas pr\u00f3prias observa\u00e7\u00f5es.<\/li>\n<li>Reconhecer a capacidade de criar um lugar de beleza e import\u00e2ncia ecol\u00f3gica e alimentar.<\/li>\n<li>Contribuir para a produ\u00e7\u00e3o de alimentos saud\u00e1veis, desde a semente at\u00e9 ao prato.<\/li>\n<li>Promover uma consci\u00eancia rural, necess\u00e1ria \u00e0 compreens\u00e3o do mundo, e que se tende a perder nos meios urbanos.<\/li>\n<li>Estimular o desenvolvimento da intelig\u00eancia emocional, atrav\u00e9s da capacidade de &#8220;<em>tomar conta<\/em>&#8221; e do trabalho coletivo.<\/li>\n<li>Melhorar os h\u00e1bitos alimentares.<\/li>\n<\/ul>\n<p>O entusiasmo foi enorme e a dedica\u00e7\u00e3o de todos ao projeto foi assinal\u00e1vel.<\/p>\n<p>Ver fotos da atividade <a href=\"https:\/\/www.flickr.com\/photos\/emj_faro\/sets\/72157653475497548\">aqui<\/a>.<\/p>\n","protected":false},"excerpt":{"rendered":"<p>A sala dos 3 anos &#8211; sala das Joaninhas &#8211; organizou-se e construiu uma horta. Morangos, tomates, pimentos, couves, alfaces, coentros, courgetes, mangeric\u00e3o, feij\u00e3o, gr\u00e3o e hortel\u00e3&#8230;.Tudo cresceu, com sol em quantidades adequadas, \u00e0gua e muita admira\u00e7\u00e3o dos nossos meninos! Os la\u00e7os com o mundo rural v\u00e3o-se gradualmente perdendo numa sociedade cada vez mais urbana. <a href=\"https:\/\/www.externatomeninojesus.pt\/site\/2015\/12\/02\/a-horta-das-joaninhas\/\">[&#8230;]<\/a><\/p>\n","protected":false},"author":2,"featured_media":0,"comment_status":"closed","ping_status":"closed","sticky":false,"template":"","format":"standard","meta":[],"categories":[1],"tags":[72,73],"_links":{"self":[{"href":"https:\/\/www.externatomeninojesus.pt\/site\/wp-json\/wp\/v2\/posts\/865"}],"collection":[{"href":"https:\/\/www.externatomeninojesus.pt\/site\/wp-json\/wp\/v2\/posts"}],"about":[{"href":"https:\/\/www.externatomeninojesus.pt\/site\/wp-json\/wp\/v2\/types\/post"}],"author":[{"embeddable":true,"href":"https:\/\/www.externatomeninojesus.pt\/site\/wp-json\/wp\/v2\/users\/2"}],"replies":[{"embeddable":true,"href":"https:\/\/www.externatomeninojesus.pt\/site\/wp-json\/wp\/v2\/comments?post=865"}],"version-history":[{"count":9,"href":"https:\/\/www.externatomeninojesus.pt\/site\/wp-json\/wp\/v2\/posts\/865\/revisions"}],"predecessor-version":[{"id":1324,"href":"https:\/\/www.externatomeninojesus.pt\/site\/wp-json\/wp\/v2\/posts\/865\/revisions\/1324"}],"wp:attachment":[{"href":"https:\/\/www.externatomeninojesus.pt\/site\/wp-json\/wp\/v2\/media?parent=865"}],"wp:term":[{"taxonomy":"category","embeddable":true,"href":"https:\/\/www.externatomeninojesus.pt\/site\/wp-json\/wp\/v2\/categories?post=865"},{"taxonomy":"post_tag","embeddable":true,"href":"https:\/\/www.externatomeninojesus.pt\/site\/wp-json\/wp\/v2\/tags?post=865"}],"curies":[{"name":"wp","href":"https:\/\/api.w.org\/{rel}","templated":true}]}}