{"id":855,"date":"2015-12-28T15:24:37","date_gmt":"2015-12-28T15:24:37","guid":{"rendered":"http:\/\/www.externatomeninojesus.pt\/site\/?p=855"},"modified":"2016-12-19T16:05:48","modified_gmt":"2016-12-19T16:05:48","slug":"reuniao-de-pais-do-externato","status":"publish","type":"post","link":"https:\/\/www.externatomeninojesus.pt\/site\/2015\/12\/28\/reuniao-de-pais-do-externato\/","title":{"rendered":"Reuni\u00e3o de Pais do Externato."},"content":{"rendered":"<p>Realiz\u00e1mos, no passado dia 14 de Abril, a habitual reuni\u00e3o de pais do Externato Menino Jesus.<\/p>\n<p>Com as professoras e educadoras identificaram-se os conte\u00fados letivos trabalhados e a trabalhar em contexto de sala de aula, convers\u00e1mos sobre as regras e pr\u00e1ticas da Escola, preocupa\u00e7\u00f5es da comunidade escolar, estrat\u00e9gias educativas, projetos a desenvolver e sa\u00eddas de estudo previstas para o 3\u00ba per\u00edodo letivo. Regist\u00e1mos uma participa\u00e7\u00e3o &#8211; dos Encarregados de Educa\u00e7\u00e3o &#8211; ligeiramente superior a 80%, que nos satisfaz, e permite continuar a desenvolver a indispens\u00e1vel articula\u00e7\u00e3o e complementaridade entre o papel da Fam\u00edlia e da Escola.<\/p>\n<p>Com a Dr\u00aa Laura Palma Nunes, psic\u00f3loga do Externato Menino Jesus, refletimos sobre o papel da aten\u00e7\u00e3o no desempenho acad\u00e9mico. A aten\u00e7\u00e3o \u00e9 uma fun\u00e7\u00e3o cognitiva bem complexa, que est\u00e1 interligada e interfere com v\u00e1rios processos. \u00c9 um pr\u00e9-requisito fundamental para o processo de memoriza\u00e7\u00e3o e consequentemente, para o processo geral de aprendizagem. Para se aprender alguma coisa \u00e9 preciso primeiro selecionar um ou mais est\u00edmulos, de entre os muitos com que somos bombardeados (externa e internamente), de modo a poderem ser processados. O estudante tem de focar a aten\u00e7\u00e3o no que o professor diz e ao mesmo tempo tentar abstrair-se das informa\u00e7\u00f5es circundantes produzidas pelos colegas ou por ru\u00eddos fora da sala.<\/p>\n<p>Pela sua complexidade e transversalidade, a aten\u00e7\u00e3o tem sido cada vez mais investigada e j\u00e1 consta como mat\u00e9ria de diagn\u00f3stico, sempre que se verificam d\u00e9fices significativos. Mas sendo a aten\u00e7\u00e3o uma habilidade cognitiva que pode ser treinada e potenciada, refletimos de uma forma muito pr\u00e1tica, sobre as estrat\u00e9gias de estimula\u00e7\u00e3o da aten\u00e7\u00e3o \u00e0 disposi\u00e7\u00e3o da Escola e das Fam\u00edlias.<\/p>\n<p><a href=\"https:\/\/www.externatomeninojesus.pt\/site\/wp-content\/uploads\/2015\/04\/As_fun\u00e7\u00f5es_da_Aten\u00e7\u00e3o.pdf\">Os diapositivos apresentados na palestra &#8220;As fun\u00e7\u00f5es da aten\u00e7\u00e3o&#8221; est\u00e3o dispon\u00edveis para consulta.<\/a><\/p>\n<p>&nbsp;<\/p>\n","protected":false},"excerpt":{"rendered":"<p>Realiz\u00e1mos, no passado dia 14 de Abril, a habitual reuni\u00e3o de pais do Externato Menino Jesus. Com as professoras e educadoras identificaram-se os conte\u00fados letivos trabalhados e a trabalhar em contexto de sala de aula, convers\u00e1mos sobre as regras e pr\u00e1ticas da Escola, preocupa\u00e7\u00f5es da comunidade escolar, estrat\u00e9gias educativas, projetos a desenvolver e sa\u00eddas de <a href=\"https:\/\/www.externatomeninojesus.pt\/site\/2015\/12\/28\/reuniao-de-pais-do-externato\/\">[&#8230;]<\/a><\/p>\n","protected":false},"author":2,"featured_media":0,"comment_status":"closed","ping_status":"closed","sticky":false,"template":"","format":"standard","meta":[],"categories":[1],"tags":[71,32,70],"_links":{"self":[{"href":"https:\/\/www.externatomeninojesus.pt\/site\/wp-json\/wp\/v2\/posts\/855"}],"collection":[{"href":"https:\/\/www.externatomeninojesus.pt\/site\/wp-json\/wp\/v2\/posts"}],"about":[{"href":"https:\/\/www.externatomeninojesus.pt\/site\/wp-json\/wp\/v2\/types\/post"}],"author":[{"embeddable":true,"href":"https:\/\/www.externatomeninojesus.pt\/site\/wp-json\/wp\/v2\/users\/2"}],"replies":[{"embeddable":true,"href":"https:\/\/www.externatomeninojesus.pt\/site\/wp-json\/wp\/v2\/comments?post=855"}],"version-history":[{"count":5,"href":"https:\/\/www.externatomeninojesus.pt\/site\/wp-json\/wp\/v2\/posts\/855\/revisions"}],"predecessor-version":[{"id":1322,"href":"https:\/\/www.externatomeninojesus.pt\/site\/wp-json\/wp\/v2\/posts\/855\/revisions\/1322"}],"wp:attachment":[{"href":"https:\/\/www.externatomeninojesus.pt\/site\/wp-json\/wp\/v2\/media?parent=855"}],"wp:term":[{"taxonomy":"category","embeddable":true,"href":"https:\/\/www.externatomeninojesus.pt\/site\/wp-json\/wp\/v2\/categories?post=855"},{"taxonomy":"post_tag","embeddable":true,"href":"https:\/\/www.externatomeninojesus.pt\/site\/wp-json\/wp\/v2\/tags?post=855"}],"curies":[{"name":"wp","href":"https:\/\/api.w.org\/{rel}","templated":true}]}}