{"id":831,"date":"2015-12-20T14:34:23","date_gmt":"2015-12-20T14:34:23","guid":{"rendered":"http:\/\/www.externatomeninojesus.pt\/site\/?p=831"},"modified":"2016-12-19T16:05:09","modified_gmt":"2016-12-19T16:05:09","slug":"os-5-anos-na-biblioteca","status":"publish","type":"post","link":"https:\/\/www.externatomeninojesus.pt\/site\/2015\/12\/20\/os-5-anos-na-biblioteca\/","title":{"rendered":"Os 5 anos na biblioteca."},"content":{"rendered":"<p>No passado dia 25 de fevereiro os alunos da sala dos 5 anos dirigiram-se \u00e0 biblioteca\u00a0 municipal para participarem na atividade &#8220;Tommy, o \u00edndio&#8221;. No decorrer da hist\u00f3ria as crian\u00e7as foram convidadas a manusear alguns fantoches que retratavam as personagens do conto.<br \/>\nAprenderam, cantaram e visualizaram v\u00eddeo, tendo os \u00edndios (nativos americanos) como tem\u00e1tica. Depois, seguimos para a sala de atividades onde as crian\u00e7as foram convidadas a confecionar \/ decorar o seu \u201ccocar\u201d.<\/p>\n<p><em>Cocar: Adorno usado por muitas tribos ind\u00edgenas americanas na regi\u00e3o da cabe\u00e7a. A sua fun\u00e7\u00e3o variava de tribo para tribo, podendo servir de adorno, s\u00edmbolo de status ou classe na tribo. Geralmente, \u00e9 confecionada de penas presas a uma tira de couro. In Wikipedia.<\/em><\/p>\n<p><a href=\"https:\/\/www.externatomeninojesus.pt\/site\/wp-content\/uploads\/2015\/03\/DSC01013.jpg\"><img loading=\"lazy\" class=\"alignnone size-medium wp-image-835\" src=\"https:\/\/www.externatomeninojesus.pt\/site\/wp-content\/uploads\/2015\/03\/DSC01013-300x225.jpg\" alt=\"DSC01013\" width=\"300\" height=\"225\" srcset=\"https:\/\/www.externatomeninojesus.pt\/site\/wp-content\/uploads\/2015\/03\/DSC01013-300x225.jpg 300w, https:\/\/www.externatomeninojesus.pt\/site\/wp-content\/uploads\/2015\/03\/DSC01013-1024x768.jpg 1024w, https:\/\/www.externatomeninojesus.pt\/site\/wp-content\/uploads\/2015\/03\/DSC01013-600x450.jpg 600w\" sizes=\"(max-width: 300px) 100vw, 300px\" \/><\/a><\/p>\n<p>Fotos no <a href=\"https:\/\/www.flickr.com\/photos\/emj_faro\/sets\/72157651046908110\/\">\u00e1lbum de atividades<\/a>.<\/p>\n","protected":false},"excerpt":{"rendered":"<p>No passado dia 25 de fevereiro os alunos da sala dos 5 anos dirigiram-se \u00e0 biblioteca\u00a0 municipal para participarem na atividade &#8220;Tommy, o \u00edndio&#8221;. No decorrer da hist\u00f3ria as crian\u00e7as foram convidadas a manusear alguns fantoches que retratavam as personagens do conto. Aprenderam, cantaram e visualizaram v\u00eddeo, tendo os \u00edndios (nativos americanos) como tem\u00e1tica. Depois, <a href=\"https:\/\/www.externatomeninojesus.pt\/site\/2015\/12\/20\/os-5-anos-na-biblioteca\/\">[&#8230;]<\/a><\/p>\n","protected":false},"author":2,"featured_media":0,"comment_status":"closed","ping_status":"closed","sticky":false,"template":"","format":"standard","meta":[],"categories":[1],"tags":[47,40,66],"_links":{"self":[{"href":"https:\/\/www.externatomeninojesus.pt\/site\/wp-json\/wp\/v2\/posts\/831"}],"collection":[{"href":"https:\/\/www.externatomeninojesus.pt\/site\/wp-json\/wp\/v2\/posts"}],"about":[{"href":"https:\/\/www.externatomeninojesus.pt\/site\/wp-json\/wp\/v2\/types\/post"}],"author":[{"embeddable":true,"href":"https:\/\/www.externatomeninojesus.pt\/site\/wp-json\/wp\/v2\/users\/2"}],"replies":[{"embeddable":true,"href":"https:\/\/www.externatomeninojesus.pt\/site\/wp-json\/wp\/v2\/comments?post=831"}],"version-history":[{"count":9,"href":"https:\/\/www.externatomeninojesus.pt\/site\/wp-json\/wp\/v2\/posts\/831\/revisions"}],"predecessor-version":[{"id":1318,"href":"https:\/\/www.externatomeninojesus.pt\/site\/wp-json\/wp\/v2\/posts\/831\/revisions\/1318"}],"wp:attachment":[{"href":"https:\/\/www.externatomeninojesus.pt\/site\/wp-json\/wp\/v2\/media?parent=831"}],"wp:term":[{"taxonomy":"category","embeddable":true,"href":"https:\/\/www.externatomeninojesus.pt\/site\/wp-json\/wp\/v2\/categories?post=831"},{"taxonomy":"post_tag","embeddable":true,"href":"https:\/\/www.externatomeninojesus.pt\/site\/wp-json\/wp\/v2\/tags?post=831"}],"curies":[{"name":"wp","href":"https:\/\/api.w.org\/{rel}","templated":true}]}}