{"id":792,"date":"2015-12-25T13:53:03","date_gmt":"2015-12-25T13:53:03","guid":{"rendered":"http:\/\/www.externatomeninojesus.pt\/site\/?p=792"},"modified":"2016-12-19T16:04:09","modified_gmt":"2016-12-19T16:04:09","slug":"o-carnaval-no-externato","status":"publish","type":"post","link":"https:\/\/www.externatomeninojesus.pt\/site\/2015\/12\/25\/o-carnaval-no-externato\/","title":{"rendered":"O Carnaval no Externato."},"content":{"rendered":"<p><strong>CARNAVAL<\/strong><\/p>\n<p>Origem e significado:<\/p>\n<p>Existem duas teorias fundamentais quanto \u00e0 origem e significado da palavra Carnaval. A primeira atribui \u00e0 palavra Carnaval uma origem profundamente religiosa, com um significado quase oposto ao da divers\u00e3o, brincadeiras e mal\u00edcia a que a associamos hoje em dia. &#8220;Carnaval&#8221; teria tido origem no latim carnevale (carne+vale = carne+adeus), e seria a designa\u00e7\u00e3o da &#8220;Ter\u00e7a-Feira Gorda&#8221;, o \u00faltimo dia do calend\u00e1rio crist\u00e3o em que \u00e9 permitido comer carne, uma vez que, no dia seguinte, inicia-se a Quaresma. J\u00e1 a segunda teoria \u00e9 perempt\u00f3ria em afirmar que a palavra Carnaval vem de Carrus Navalis, por influ\u00eancia das festas em honra de Dion\u00edsio, onde um carro, com um enorme tonel, distribu\u00eda vinho ao povo na Roma antiga.<\/p>\n<p>Em Portugal:<\/p>\n<p>\u00c9 mais ou menos consensual que o Carnaval chegou a Portugal nos s\u00e9culos XV e XVI com o nome de \u201cEntrudo\u201d &#8211; introdu\u00e7\u00e3o \u00e0 Quaresma. Era festejado de forma muito excessiva e por vezes violenta. No final do s\u00e9culo XIX nas aldeias Portuguesas, o carnaval era o momento da igualdade e da liberdade para todos. Nas cidades era considerado uma luta de classes, onde frequentemente os papeis se invertiam: o miser\u00e1vel vestia-se de rei, o rico de pobre, o libertino de l\u00edder religioso e os homens de mulheres. Aqui, virava-se o mundo ao contr\u00e1rio.<br \/>\nHoje, o carnaval \u00e9 considerado a grande manifesta\u00e7\u00e3o de alegria popular. Um momento de conv\u00edvio, onde o sarcasmo e a s\u00e1tira social est\u00e3o em constante presen\u00e7a.<br \/>\nComo refere Virg\u00edlio Ferreira, \u201cQue ideia essa, a de que no carnaval as pessoas se mascaram! No carnaval desmascaram-se\u201d.<\/p>\n<p>No Col\u00e9gio:<\/p>\n<p>Neste dia a imagina\u00e7\u00e3o n\u00e3o conhece limites. Os cavaleiros e as princesas, as espanholas e os pol\u00edcias, os zorros e os exploradores, os dr\u00e1culas e as enfermeiras, as joaninhas e as abelhinhas. \u00c9 uma festa fant\u00e1stica e diferente de todos os outros momentos vividos ao longo do ano letivo. Este dia, por ser singular, marca o imagin\u00e1rio dos nossos alunos e permite-lhes dar largas \u00e0 imagina\u00e7\u00e3o e a encarnarem, por um dia, os seus her\u00f3is fant\u00e1sticos, poderosos, bons ou at\u00e9 personagens que inspiram medo e temor nos outros. Para n\u00f3s \u00e9, sem d\u00favida, um dia \u00fanico.<\/p>\n<p>De manh\u00e3, e depois de um curto momento de brincadeira e de organiza\u00e7\u00e3o dos alunos no Col\u00e9gio, fomos brincar no parque da Alameda. N\u00e3o participamos no desfile da baixa da cidade por op\u00e7\u00e3o, e por entendermos que o dia \u00e9 dos mais pequenos e a brincadeira n\u00e3o \u00e9 substitu\u00edvel por um desfile formal- mais interessante para familiares &#8211;\u00a0 isento de jogos, corridas, trope\u00e7\u00f5es, lutas imagin\u00e1rias e outras tropelias&#8230;.Depois do almo\u00e7o brinc\u00e1mos, dan\u00e7\u00e1mos e desfil\u00e1mos. Este ano, a din\u00e2mica e a anima\u00e7\u00e3o constante deu azo a um desfile, no Col\u00e9gio, menos estruturado e mais aut\u00f3nomo. Fizemos &#8220;o comboio&#8221; onde todos participaram. Os meninos at\u00e9 se esqueceram de jogar \u00e0 bola.\u00a0 A brincadeira s\u00f3 chegou ao fim com a chegada dos pais&#8230;.VIVA o CARNAVAL!!<\/p>\n<p><a href=\"https:\/\/www.externatomeninojesus.pt\/site\/wp-content\/uploads\/2015\/02\/DSC00847_1.jpg\"><img loading=\"lazy\" class=\"alignnone size-medium wp-image-795\" src=\"https:\/\/www.externatomeninojesus.pt\/site\/wp-content\/uploads\/2015\/02\/DSC00847_1-300x225.jpg\" alt=\"DSC00847_1\" width=\"300\" height=\"225\" srcset=\"https:\/\/www.externatomeninojesus.pt\/site\/wp-content\/uploads\/2015\/02\/DSC00847_1-300x225.jpg 300w, https:\/\/www.externatomeninojesus.pt\/site\/wp-content\/uploads\/2015\/02\/DSC00847_1-1024x768.jpg 1024w, https:\/\/www.externatomeninojesus.pt\/site\/wp-content\/uploads\/2015\/02\/DSC00847_1-600x450.jpg 600w\" sizes=\"(max-width: 300px) 100vw, 300px\" \/><\/a><\/p>\n<p>Mais fotos disponiveis no <a href=\"https:\/\/www.flickr.com\/photos\/emj_faro\/sets\/72157648707116623\/\">\u00e1lbum da atividade<\/a>.<\/p>\n","protected":false},"excerpt":{"rendered":"<p>CARNAVAL Origem e significado: Existem duas teorias fundamentais quanto \u00e0 origem e significado da palavra Carnaval. A primeira atribui \u00e0 palavra Carnaval uma origem profundamente religiosa, com um significado quase oposto ao da divers\u00e3o, brincadeiras e mal\u00edcia a que a associamos hoje em dia. &#8220;Carnaval&#8221; teria tido origem no latim carnevale (carne+vale = carne+adeus), e <a href=\"https:\/\/www.externatomeninojesus.pt\/site\/2015\/12\/25\/o-carnaval-no-externato\/\">[&#8230;]<\/a><\/p>\n","protected":false},"author":2,"featured_media":0,"comment_status":"closed","ping_status":"closed","sticky":false,"template":"","format":"standard","meta":[],"categories":[1],"tags":[60,59],"_links":{"self":[{"href":"https:\/\/www.externatomeninojesus.pt\/site\/wp-json\/wp\/v2\/posts\/792"}],"collection":[{"href":"https:\/\/www.externatomeninojesus.pt\/site\/wp-json\/wp\/v2\/posts"}],"about":[{"href":"https:\/\/www.externatomeninojesus.pt\/site\/wp-json\/wp\/v2\/types\/post"}],"author":[{"embeddable":true,"href":"https:\/\/www.externatomeninojesus.pt\/site\/wp-json\/wp\/v2\/users\/2"}],"replies":[{"embeddable":true,"href":"https:\/\/www.externatomeninojesus.pt\/site\/wp-json\/wp\/v2\/comments?post=792"}],"version-history":[{"count":9,"href":"https:\/\/www.externatomeninojesus.pt\/site\/wp-json\/wp\/v2\/posts\/792\/revisions"}],"predecessor-version":[{"id":1312,"href":"https:\/\/www.externatomeninojesus.pt\/site\/wp-json\/wp\/v2\/posts\/792\/revisions\/1312"}],"wp:attachment":[{"href":"https:\/\/www.externatomeninojesus.pt\/site\/wp-json\/wp\/v2\/media?parent=792"}],"wp:term":[{"taxonomy":"category","embeddable":true,"href":"https:\/\/www.externatomeninojesus.pt\/site\/wp-json\/wp\/v2\/categories?post=792"},{"taxonomy":"post_tag","embeddable":true,"href":"https:\/\/www.externatomeninojesus.pt\/site\/wp-json\/wp\/v2\/tags?post=792"}],"curies":[{"name":"wp","href":"https:\/\/api.w.org\/{rel}","templated":true}]}}