{"id":782,"date":"2015-12-18T15:32:44","date_gmt":"2015-12-18T15:32:44","guid":{"rendered":"http:\/\/www.externatomeninojesus.pt\/site\/?p=782"},"modified":"2016-12-19T16:03:49","modified_gmt":"2016-12-19T16:03:49","slug":"o-2o-ano-e-a-lenda-da-moura-do-pente-de-ouro","status":"publish","type":"post","link":"https:\/\/www.externatomeninojesus.pt\/site\/2015\/12\/18\/o-2o-ano-e-a-lenda-da-moura-do-pente-de-ouro\/","title":{"rendered":"O 2\u00ba ano e a Lenda da Moura do Pente de Ouro."},"content":{"rendered":"<p>O 2\u00ba ano participou na atividade &#8221; A Lenda da Moura do Pente de Ouro&#8221;, no passado dia 4 de Fevereiro. Esta atividade, em que j\u00e1 participaram outras Salas do Col\u00e9gio, tem-se revelado muito do interesse dos nossos alunos, que participam de forma entusiasmada e comprometida.<\/p>\n<p>Foi-nos apresentado o Museu Municipal, os seus objetos, quadros e suas hist\u00f3rias. No Museu o esp\u00f3lio arqueol\u00f3gico \u00e9 o mais significativo, integrando objectos da pr\u00e9-hist\u00f3ria e das \u00e9pocas romana e medieval. De entre os objectos mais relevantes apontam-se como exemplos da \u00e9poca romana um mosaico dos s\u00e9culos II\/III, os bustos imperiais de Adriano e Agripina e um acervo de ep\u00edgrafes de Oss\u00f3noba. O Museu possui uma valiosa colec\u00e7\u00e3o de pintura dos s\u00e9culos XVI a XIX, composta principalmente por esp\u00e9cimes religiosos outrora pertencentes a templos algarvios.<\/p>\n<p>No desenvolvimento da atividade, atrav\u00e9s de um bonito espet\u00e1culo de fantoches, percorremos o imagin\u00e1rio popular algarvio, do qual fazem parte os encantamentos quase sempre associados aos mouros. Estes encantamentos que deram origem a lendas\u00a0intemporais constituem uma heran\u00e7a remota do\u00a0per\u00edodo em que a regi\u00e3o algarvia esteve sob o dominio \u00e1rabe. A lenda da moura do pente de ouro levou-nos at\u00e9 Salir, bonita terra do interior Algarvio.<\/p>\n<p>Ap\u00f3s o espet\u00e1culo de fantoches desenhamos, em tela, a lenda retratada. Deix\u00e1mos uma das telas no Museu para futura exposi\u00e7\u00e3o. Divertimo-nos e aprendemos.<\/p>\n<p><a href=\"https:\/\/www.externatomeninojesus.pt\/site\/wp-content\/uploads\/2015\/02\/DSC00536.jpg\"><img loading=\"lazy\" class=\"alignnone size-medium wp-image-784\" src=\"https:\/\/www.externatomeninojesus.pt\/site\/wp-content\/uploads\/2015\/02\/DSC00536-300x225.jpg\" alt=\"DSC00536\" width=\"300\" height=\"225\" srcset=\"https:\/\/www.externatomeninojesus.pt\/site\/wp-content\/uploads\/2015\/02\/DSC00536-300x225.jpg 300w, https:\/\/www.externatomeninojesus.pt\/site\/wp-content\/uploads\/2015\/02\/DSC00536-1024x768.jpg 1024w, https:\/\/www.externatomeninojesus.pt\/site\/wp-content\/uploads\/2015\/02\/DSC00536-600x450.jpg 600w\" sizes=\"(max-width: 300px) 100vw, 300px\" \/><\/a><\/p>\n<p>Outras fotos no <a href=\"https:\/\/www.flickr.com\/photos\/emj_faro\/sets\/72157650898808915\/\">\u00e1lbum da atividade<\/a>.<\/p>\n","protected":false},"excerpt":{"rendered":"<p>O 2\u00ba ano participou na atividade &#8221; A Lenda da Moura do Pente de Ouro&#8221;, no passado dia 4 de Fevereiro. Esta atividade, em que j\u00e1 participaram outras Salas do Col\u00e9gio, tem-se revelado muito do interesse dos nossos alunos, que participam de forma entusiasmada e comprometida. Foi-nos apresentado o Museu Municipal, os seus objetos, quadros <a href=\"https:\/\/www.externatomeninojesus.pt\/site\/2015\/12\/18\/o-2o-ano-e-a-lenda-da-moura-do-pente-de-ouro\/\">[&#8230;]<\/a><\/p>\n","protected":false},"author":2,"featured_media":0,"comment_status":"closed","ping_status":"closed","sticky":false,"template":"","format":"standard","meta":[],"categories":[1],"tags":[58,33,57,35],"_links":{"self":[{"href":"https:\/\/www.externatomeninojesus.pt\/site\/wp-json\/wp\/v2\/posts\/782"}],"collection":[{"href":"https:\/\/www.externatomeninojesus.pt\/site\/wp-json\/wp\/v2\/posts"}],"about":[{"href":"https:\/\/www.externatomeninojesus.pt\/site\/wp-json\/wp\/v2\/types\/post"}],"author":[{"embeddable":true,"href":"https:\/\/www.externatomeninojesus.pt\/site\/wp-json\/wp\/v2\/users\/2"}],"replies":[{"embeddable":true,"href":"https:\/\/www.externatomeninojesus.pt\/site\/wp-json\/wp\/v2\/comments?post=782"}],"version-history":[{"count":8,"href":"https:\/\/www.externatomeninojesus.pt\/site\/wp-json\/wp\/v2\/posts\/782\/revisions"}],"predecessor-version":[{"id":1310,"href":"https:\/\/www.externatomeninojesus.pt\/site\/wp-json\/wp\/v2\/posts\/782\/revisions\/1310"}],"wp:attachment":[{"href":"https:\/\/www.externatomeninojesus.pt\/site\/wp-json\/wp\/v2\/media?parent=782"}],"wp:term":[{"taxonomy":"category","embeddable":true,"href":"https:\/\/www.externatomeninojesus.pt\/site\/wp-json\/wp\/v2\/categories?post=782"},{"taxonomy":"post_tag","embeddable":true,"href":"https:\/\/www.externatomeninojesus.pt\/site\/wp-json\/wp\/v2\/tags?post=782"}],"curies":[{"name":"wp","href":"https:\/\/api.w.org\/{rel}","templated":true}]}}