{"id":735,"date":"2015-12-27T10:54:08","date_gmt":"2015-12-27T10:54:08","guid":{"rendered":"http:\/\/www.externatomeninojesus.pt\/site\/?p=735"},"modified":"2016-12-19T16:02:29","modified_gmt":"2016-12-19T16:02:29","slug":"sala-dos-5-anos-na-biblioteca","status":"publish","type":"post","link":"https:\/\/www.externatomeninojesus.pt\/site\/2015\/12\/27\/sala-dos-5-anos-na-biblioteca\/","title":{"rendered":"Sala dos 5 anos na biblioteca."},"content":{"rendered":"<p>No dia 21 de Janeiro os alunos da sala dos 5 anos deslocaram-se \u00e0 biblioteca para participar na atividade &#8220;A lenda da moura do pente de ouro&#8221;. A descri\u00e7\u00e3o da atividade realizada \u00e9 em tudo id\u00eantica \u00e0quela j\u00e1 publicada por ocasi\u00e3o da participa\u00e7\u00e3o, nesta mesma iniciativa, dos alunos do 1\u00ba ano. A adequa\u00e7\u00e3o comportamental dos nossos alunos e a capacidade de corresponderem, com entusiasmo, aos trabalhos propostos permitiram que os objetivos da visita \u00e0 biblioteca fossem plenamente alcan\u00e7ados.<\/p>\n<p><a href=\"https:\/\/www.externatomeninojesus.pt\/site\/wp-content\/uploads\/2015\/01\/P1210015.jpg\"><img loading=\"lazy\" class=\"alignnone size-medium wp-image-738\" src=\"https:\/\/www.externatomeninojesus.pt\/site\/wp-content\/uploads\/2015\/01\/P1210015-300x225.jpg\" alt=\"OLYMPUS DIGITAL CAMERA\" width=\"300\" height=\"225\" srcset=\"https:\/\/www.externatomeninojesus.pt\/site\/wp-content\/uploads\/2015\/01\/P1210015-300x225.jpg 300w, https:\/\/www.externatomeninojesus.pt\/site\/wp-content\/uploads\/2015\/01\/P1210015-1024x768.jpg 1024w, https:\/\/www.externatomeninojesus.pt\/site\/wp-content\/uploads\/2015\/01\/P1210015-600x450.jpg 600w\" sizes=\"(max-width: 300px) 100vw, 300px\" \/><\/a><\/p>\n<p>Fotos adicionais no <a href=\"https:\/\/www.flickr.com\/photos\/emj_faro\/sets\/72157650498250221\/\">\u00e1lbum da atividade<\/a>.<\/p>\n","protected":false},"excerpt":{"rendered":"<p>No dia 21 de Janeiro os alunos da sala dos 5 anos deslocaram-se \u00e0 biblioteca para participar na atividade &#8220;A lenda da moura do pente de ouro&#8221;. A descri\u00e7\u00e3o da atividade realizada \u00e9 em tudo id\u00eantica \u00e0quela j\u00e1 publicada por ocasi\u00e3o da participa\u00e7\u00e3o, nesta mesma iniciativa, dos alunos do 1\u00ba ano. A adequa\u00e7\u00e3o comportamental dos <a href=\"https:\/\/www.externatomeninojesus.pt\/site\/2015\/12\/27\/sala-dos-5-anos-na-biblioteca\/\">[&#8230;]<\/a><\/p>\n","protected":false},"author":2,"featured_media":0,"comment_status":"closed","ping_status":"closed","sticky":false,"template":"","format":"standard","meta":[],"categories":[1],"tags":[40,33],"_links":{"self":[{"href":"https:\/\/www.externatomeninojesus.pt\/site\/wp-json\/wp\/v2\/posts\/735"}],"collection":[{"href":"https:\/\/www.externatomeninojesus.pt\/site\/wp-json\/wp\/v2\/posts"}],"about":[{"href":"https:\/\/www.externatomeninojesus.pt\/site\/wp-json\/wp\/v2\/types\/post"}],"author":[{"embeddable":true,"href":"https:\/\/www.externatomeninojesus.pt\/site\/wp-json\/wp\/v2\/users\/2"}],"replies":[{"embeddable":true,"href":"https:\/\/www.externatomeninojesus.pt\/site\/wp-json\/wp\/v2\/comments?post=735"}],"version-history":[{"count":8,"href":"https:\/\/www.externatomeninojesus.pt\/site\/wp-json\/wp\/v2\/posts\/735\/revisions"}],"predecessor-version":[{"id":1302,"href":"https:\/\/www.externatomeninojesus.pt\/site\/wp-json\/wp\/v2\/posts\/735\/revisions\/1302"}],"wp:attachment":[{"href":"https:\/\/www.externatomeninojesus.pt\/site\/wp-json\/wp\/v2\/media?parent=735"}],"wp:term":[{"taxonomy":"category","embeddable":true,"href":"https:\/\/www.externatomeninojesus.pt\/site\/wp-json\/wp\/v2\/categories?post=735"},{"taxonomy":"post_tag","embeddable":true,"href":"https:\/\/www.externatomeninojesus.pt\/site\/wp-json\/wp\/v2\/tags?post=735"}],"curies":[{"name":"wp","href":"https:\/\/api.w.org\/{rel}","templated":true}]}}