{"id":708,"date":"2015-12-19T00:01:50","date_gmt":"2015-12-19T00:01:50","guid":{"rendered":"http:\/\/www.externatomeninojesus.pt\/site\/?p=708"},"modified":"2016-12-19T16:02:10","modified_gmt":"2016-12-19T16:02:10","slug":"o-site-do-externato","status":"publish","type":"post","link":"https:\/\/www.externatomeninojesus.pt\/site\/2015\/12\/19\/o-site-do-externato\/","title":{"rendered":"O &#8220;Site&#8221; do Externato"},"content":{"rendered":"<p>O Externato Menino Jesus publica hoje, 2\u00aa feira dia 19 janeiro 2015, a sua p\u00e1gina de internet. Pretendemos com mais esta iniciativa &#8211; quase <em>obrigat\u00f3ria<\/em> nos dias que correm &#8211; tornar mais eficaz a comunica\u00e7\u00e3o com toda a comunidade educativa.<\/p>\n<p>O &#8220;<em>site<\/em>&#8221; n\u00e3o deve ser apenas atrativo, mas deve permitir uma navega\u00e7\u00e3o intuitiva com conte\u00fados simples mas relevantes para o funcionamento do Col\u00e9gio. Publicitar a informa\u00e7\u00e3o institucional que nos caracteriza e identifica e dar a conhecer os projectos e iniciativas que desenvolvemos e em que participamos, s\u00e3o a primeira motiva\u00e7\u00e3o e prop\u00f3sito de uma p\u00e1gina de internet.<\/p>\n<p>A p\u00e1gina &#8220;www. externatomeninojesus.pt&#8221; estar\u00e1, nos pr\u00f3ximos meses, a ser objeto de aperfei\u00e7oamento e de cria\u00e7\u00e3o de novas funcionalidade. Acessos privados destinados aos Encarregados de Educa\u00e7\u00e3o, informa\u00e7\u00e3o institucional adicional e novas pastas de conte\u00fados ser\u00e3o lan\u00e7ados nas pr\u00f3ximas semanas.<\/p>\n<p><a href=\"https:\/\/www.externatomeninojesus.pt\/site\/wp-content\/uploads\/2015\/01\/DSC_1685.jpg\"><img loading=\"lazy\" class=\"alignnone size-medium wp-image-712\" src=\"https:\/\/www.externatomeninojesus.pt\/site\/wp-content\/uploads\/2015\/01\/DSC_1685-300x201.jpg\" alt=\"DSC_1685\" width=\"300\" height=\"201\" srcset=\"https:\/\/www.externatomeninojesus.pt\/site\/wp-content\/uploads\/2015\/01\/DSC_1685-300x201.jpg 300w, https:\/\/www.externatomeninojesus.pt\/site\/wp-content\/uploads\/2015\/01\/DSC_1685-1024x685.jpg 1024w, https:\/\/www.externatomeninojesus.pt\/site\/wp-content\/uploads\/2015\/01\/DSC_1685-600x402.jpg 600w\" sizes=\"(max-width: 300px) 100vw, 300px\" \/><\/a> <a href=\"https:\/\/www.externatomeninojesus.pt\/site\/wp-content\/uploads\/2015\/01\/DSC_1736.jpg\"><img loading=\"lazy\" class=\"alignnone size-medium wp-image-713\" src=\"https:\/\/www.externatomeninojesus.pt\/site\/wp-content\/uploads\/2015\/01\/DSC_1736-300x201.jpg\" alt=\"DSC_1736\" width=\"300\" height=\"201\" srcset=\"https:\/\/www.externatomeninojesus.pt\/site\/wp-content\/uploads\/2015\/01\/DSC_1736-300x201.jpg 300w, https:\/\/www.externatomeninojesus.pt\/site\/wp-content\/uploads\/2015\/01\/DSC_1736-1024x685.jpg 1024w, https:\/\/www.externatomeninojesus.pt\/site\/wp-content\/uploads\/2015\/01\/DSC_1736-600x402.jpg 600w\" sizes=\"(max-width: 300px) 100vw, 300px\" \/><\/a><\/p>\n","protected":false},"excerpt":{"rendered":"<p>O Externato Menino Jesus publica hoje, 2\u00aa feira dia 19 janeiro 2015, a sua p\u00e1gina de internet. Pretendemos com mais esta iniciativa &#8211; quase obrigat\u00f3ria nos dias que correm &#8211; tornar mais eficaz a comunica\u00e7\u00e3o com toda a comunidade educativa. O &#8220;site&#8221; n\u00e3o deve ser apenas atrativo, mas deve permitir uma navega\u00e7\u00e3o intuitiva com conte\u00fados <a href=\"https:\/\/www.externatomeninojesus.pt\/site\/2015\/12\/19\/o-site-do-externato\/\">[&#8230;]<\/a><\/p>\n","protected":false},"author":2,"featured_media":0,"comment_status":"closed","ping_status":"closed","sticky":false,"template":"","format":"standard","meta":[],"categories":[1],"tags":[45,44,43],"_links":{"self":[{"href":"https:\/\/www.externatomeninojesus.pt\/site\/wp-json\/wp\/v2\/posts\/708"}],"collection":[{"href":"https:\/\/www.externatomeninojesus.pt\/site\/wp-json\/wp\/v2\/posts"}],"about":[{"href":"https:\/\/www.externatomeninojesus.pt\/site\/wp-json\/wp\/v2\/types\/post"}],"author":[{"embeddable":true,"href":"https:\/\/www.externatomeninojesus.pt\/site\/wp-json\/wp\/v2\/users\/2"}],"replies":[{"embeddable":true,"href":"https:\/\/www.externatomeninojesus.pt\/site\/wp-json\/wp\/v2\/comments?post=708"}],"version-history":[{"count":6,"href":"https:\/\/www.externatomeninojesus.pt\/site\/wp-json\/wp\/v2\/posts\/708\/revisions"}],"predecessor-version":[{"id":1300,"href":"https:\/\/www.externatomeninojesus.pt\/site\/wp-json\/wp\/v2\/posts\/708\/revisions\/1300"}],"wp:attachment":[{"href":"https:\/\/www.externatomeninojesus.pt\/site\/wp-json\/wp\/v2\/media?parent=708"}],"wp:term":[{"taxonomy":"category","embeddable":true,"href":"https:\/\/www.externatomeninojesus.pt\/site\/wp-json\/wp\/v2\/categories?post=708"},{"taxonomy":"post_tag","embeddable":true,"href":"https:\/\/www.externatomeninojesus.pt\/site\/wp-json\/wp\/v2\/tags?post=708"}],"curies":[{"name":"wp","href":"https:\/\/api.w.org\/{rel}","templated":true}]}}