{"id":661,"date":"2015-12-14T17:00:46","date_gmt":"2015-12-14T17:00:46","guid":{"rendered":"http:\/\/www.externatomeninojesus.pt\/site\/?p=661"},"modified":"2016-12-19T16:01:31","modified_gmt":"2016-12-19T16:01:31","slug":"lenda-da-moura-do-pente-de-ouro","status":"publish","type":"post","link":"https:\/\/www.externatomeninojesus.pt\/site\/2015\/12\/14\/lenda-da-moura-do-pente-de-ouro\/","title":{"rendered":"Lenda da Moura do Pente de Ouro"},"content":{"rendered":"<p>A sala do 1\u00ba ano deslocou-se, no passado dia 14 de Janeiro, ao Museu Municipal para participar na atividade &#8220;<em>A lenda da Moura do Pente de Ouro<\/em>&#8220;.<\/p>\n<p>Na sala de aula percebemos primeiro o significado da palavra &#8220;lenda&#8221;. Depois, no Museu e atrav\u00e9s de um bonito espet\u00e1culo de fantoches, percorremos o imagin\u00e1rio popular algarvio, do qual fazem parte os encantamentos quase sempre associados aos mouros.<\/p>\n<p>Estes encantamentos que deram origem a lendas\u00a0intemporais constituem uma heran\u00e7a remota do\u00a0per\u00edodo em que a regi\u00e3o algarvia esteve sob o dominio \u00e1rabe. A lenda da moura do pente de ouro levou-nos at\u00e9 Salir, bonita terra do interior Algarvio.<\/p>\n<p><a href=\"https:\/\/www.externatomeninojesus.pt\/site\/wp-content\/uploads\/2015\/01\/DSC00405.jpg\"><img loading=\"lazy\" class=\" size-medium wp-image-667 alignleft\" src=\"https:\/\/www.externatomeninojesus.pt\/site\/wp-content\/uploads\/2015\/01\/DSC00405-300x225.jpg\" alt=\"DSC00405\" width=\"300\" height=\"225\" srcset=\"https:\/\/www.externatomeninojesus.pt\/site\/wp-content\/uploads\/2015\/01\/DSC00405-300x225.jpg 300w, https:\/\/www.externatomeninojesus.pt\/site\/wp-content\/uploads\/2015\/01\/DSC00405-1024x768.jpg 1024w, https:\/\/www.externatomeninojesus.pt\/site\/wp-content\/uploads\/2015\/01\/DSC00405-600x450.jpg 600w\" sizes=\"(max-width: 300px) 100vw, 300px\" \/><\/a><\/p>\n<p>&nbsp;<\/p>\n<p>&nbsp;<\/p>\n<p>&nbsp;<\/p>\n<p>&nbsp;<\/p>\n<p>&nbsp;<\/p>\n<p>&nbsp;<\/p>\n<p>&nbsp;<\/p>\n<p>Ap\u00f3s o espet\u00e1culo de fantoches desenhamos, em tela, a lenda retratada. Deix\u00e1mos uma das telas no Museu para futura exposi\u00e7\u00e3o. Divertimo-nos e aprendemos.<\/p>\n<p><a href=\"https:\/\/www.externatomeninojesus.pt\/site\/wp-content\/uploads\/2015\/01\/DSC00426.jpg\"><img loading=\"lazy\" class=\" size-medium wp-image-675 alignleft\" src=\"https:\/\/www.externatomeninojesus.pt\/site\/wp-content\/uploads\/2015\/01\/DSC00426-300x225.jpg\" alt=\"DSC00426\" width=\"300\" height=\"225\" srcset=\"https:\/\/www.externatomeninojesus.pt\/site\/wp-content\/uploads\/2015\/01\/DSC00426-300x225.jpg 300w, https:\/\/www.externatomeninojesus.pt\/site\/wp-content\/uploads\/2015\/01\/DSC00426-1024x768.jpg 1024w, https:\/\/www.externatomeninojesus.pt\/site\/wp-content\/uploads\/2015\/01\/DSC00426-600x450.jpg 600w\" sizes=\"(max-width: 300px) 100vw, 300px\" \/><\/a><\/p>\n<p>&nbsp;<\/p>\n<p>&nbsp;<\/p>\n<p>&nbsp;<\/p>\n<p>&nbsp;<\/p>\n<p>&nbsp;<\/p>\n<p>&nbsp;<\/p>\n<p>Veja o <a href=\"https:\/\/www.flickr.com\/photos\/emj_faro\/sets\/72157647972582343\/\" target=\"_blank\">album de fotos da atividade<\/a>.<\/p>\n<p>&nbsp;<\/p>\n<p>&nbsp;<\/p>\n<p>&nbsp;<\/p>\n<p>&nbsp;<\/p>\n<p>&nbsp;<\/p>\n<p>&nbsp;<\/p>\n<p>&nbsp;<\/p>\n<p>&nbsp;<\/p>\n<p>&nbsp;<\/p>\n<p>&nbsp;<\/p>\n<p>&nbsp;<\/p>\n<p>&nbsp;<\/p>\n<p>&nbsp;<\/p>\n<p>&nbsp;<\/p>\n<p>&nbsp;<\/p>\n","protected":false},"excerpt":{"rendered":"<p>A sala do 1\u00ba ano deslocou-se, no passado dia 14 de Janeiro, ao Museu Municipal para participar na atividade &#8220;A lenda da Moura do Pente de Ouro&#8220;. Na sala de aula percebemos primeiro o significado da palavra &#8220;lenda&#8221;. Depois, no Museu e atrav\u00e9s de um bonito espet\u00e1culo de fantoches, percorremos o imagin\u00e1rio popular algarvio, do <a href=\"https:\/\/www.externatomeninojesus.pt\/site\/2015\/12\/14\/lenda-da-moura-do-pente-de-ouro\/\">[&#8230;]<\/a><\/p>\n","protected":false},"author":2,"featured_media":0,"comment_status":"closed","ping_status":"closed","sticky":false,"template":"","format":"standard","meta":[],"categories":[1],"tags":[33,35,34],"_links":{"self":[{"href":"https:\/\/www.externatomeninojesus.pt\/site\/wp-json\/wp\/v2\/posts\/661"}],"collection":[{"href":"https:\/\/www.externatomeninojesus.pt\/site\/wp-json\/wp\/v2\/posts"}],"about":[{"href":"https:\/\/www.externatomeninojesus.pt\/site\/wp-json\/wp\/v2\/types\/post"}],"author":[{"embeddable":true,"href":"https:\/\/www.externatomeninojesus.pt\/site\/wp-json\/wp\/v2\/users\/2"}],"replies":[{"embeddable":true,"href":"https:\/\/www.externatomeninojesus.pt\/site\/wp-json\/wp\/v2\/comments?post=661"}],"version-history":[{"count":20,"href":"https:\/\/www.externatomeninojesus.pt\/site\/wp-json\/wp\/v2\/posts\/661\/revisions"}],"predecessor-version":[{"id":1296,"href":"https:\/\/www.externatomeninojesus.pt\/site\/wp-json\/wp\/v2\/posts\/661\/revisions\/1296"}],"wp:attachment":[{"href":"https:\/\/www.externatomeninojesus.pt\/site\/wp-json\/wp\/v2\/media?parent=661"}],"wp:term":[{"taxonomy":"category","embeddable":true,"href":"https:\/\/www.externatomeninojesus.pt\/site\/wp-json\/wp\/v2\/categories?post=661"},{"taxonomy":"post_tag","embeddable":true,"href":"https:\/\/www.externatomeninojesus.pt\/site\/wp-json\/wp\/v2\/tags?post=661"}],"curies":[{"name":"wp","href":"https:\/\/api.w.org\/{rel}","templated":true}]}}