{"id":594,"date":"2015-12-13T10:08:38","date_gmt":"2015-12-13T10:08:38","guid":{"rendered":"http:\/\/www.externatomeninojesus.pt\/site\/?p=594"},"modified":"2016-12-19T16:00:51","modified_gmt":"2016-12-19T16:00:51","slug":"festa-de-natal","status":"publish","type":"post","link":"https:\/\/www.externatomeninojesus.pt\/site\/2015\/12\/13\/festa-de-natal\/","title":{"rendered":"Festa de Natal"},"content":{"rendered":"<p>O\u00a0 m\u00e1gico Ambr\u00f3sio maravilhou com as suas atua\u00e7\u00f5es&#8230;<\/p>\n<p>Com dois espet\u00e1culos de 50 minutos (para o pr\u00e9-escolar e 1\u00ba ciclo),\u00a0 e com o envolvimento dos nossos os alunos que &#8211; neste dia &#8211; tamb\u00e9m foram m\u00e1gicos, os n\u00fameros deixaram todos incr\u00e9dulos e maravilhados.<\/p>\n<p><a href=\"https:\/\/www.externatomeninojesus.pt\/site\/wp-content\/uploads\/2015\/01\/DSC_2353.jpg\"><img loading=\"lazy\" class=\" size-medium wp-image-620 alignnone\" src=\"https:\/\/www.externatomeninojesus.pt\/site\/wp-content\/uploads\/2015\/01\/DSC_2353-300x201.jpg\" alt=\"DSC_2353\" width=\"300\" height=\"201\" srcset=\"https:\/\/www.externatomeninojesus.pt\/site\/wp-content\/uploads\/2015\/01\/DSC_2353-300x201.jpg 300w, https:\/\/www.externatomeninojesus.pt\/site\/wp-content\/uploads\/2015\/01\/DSC_2353-1024x685.jpg 1024w, https:\/\/www.externatomeninojesus.pt\/site\/wp-content\/uploads\/2015\/01\/DSC_2353-600x402.jpg 600w\" sizes=\"(max-width: 300px) 100vw, 300px\" \/><\/a><\/p>\n<p>Seguiu-se a vinda do Pai Natal e o lanche, onde as prendas foram abertas&#8230;<\/p>\n<p><a href=\"https:\/\/www.externatomeninojesus.pt\/site\/wp-content\/uploads\/2015\/01\/DSC_2362-2_1.jpg\"><img loading=\"lazy\" class=\"alignnone size-medium wp-image-629\" src=\"https:\/\/www.externatomeninojesus.pt\/site\/wp-content\/uploads\/2015\/01\/DSC_2362-2_1-300x201.jpg\" alt=\"DSC_2362 (2)_1\" width=\"300\" height=\"201\" srcset=\"https:\/\/www.externatomeninojesus.pt\/site\/wp-content\/uploads\/2015\/01\/DSC_2362-2_1-300x201.jpg 300w, https:\/\/www.externatomeninojesus.pt\/site\/wp-content\/uploads\/2015\/01\/DSC_2362-2_1-1024x685.jpg 1024w, https:\/\/www.externatomeninojesus.pt\/site\/wp-content\/uploads\/2015\/01\/DSC_2362-2_1-600x402.jpg 600w\" sizes=\"(max-width: 300px) 100vw, 300px\" \/><\/a>\u00a0<a href=\"https:\/\/www.externatomeninojesus.pt\/site\/wp-content\/uploads\/2015\/01\/DSC_2235-2_1.jpg\"><img loading=\"lazy\" class=\"alignnone size-medium wp-image-651\" src=\"https:\/\/www.externatomeninojesus.pt\/site\/wp-content\/uploads\/2015\/01\/DSC_2235-2_1-300x201.jpg\" alt=\"DSC_2235 (2)_1\" width=\"300\" height=\"201\" srcset=\"https:\/\/www.externatomeninojesus.pt\/site\/wp-content\/uploads\/2015\/01\/DSC_2235-2_1-300x201.jpg 300w, https:\/\/www.externatomeninojesus.pt\/site\/wp-content\/uploads\/2015\/01\/DSC_2235-2_1-1024x685.jpg 1024w, https:\/\/www.externatomeninojesus.pt\/site\/wp-content\/uploads\/2015\/01\/DSC_2235-2_1-600x402.jpg 600w\" sizes=\"(max-width: 300px) 100vw, 300px\" \/><\/a><\/p>\n<p>&nbsp;<\/p>\n<p>Veja o <a href=\"https:\/\/www.flickr.com\/photos\/emj_faro\/sets\/72157650282426002\/\">alb\u00fam de fotos<\/a>.<\/p>\n<p>&nbsp;<\/p>\n<p>&nbsp;<\/p>\n<p>&nbsp;<\/p>\n<p>&nbsp;<\/p>\n<p>&nbsp;<\/p>\n<p>&nbsp;<\/p>\n<p>&nbsp;<\/p>\n<p>&nbsp;<\/p>\n<p>&nbsp;<\/p>\n<p>&nbsp;<\/p>\n<p>&nbsp;<\/p>\n<p>&nbsp;<\/p>\n<p>&nbsp;<\/p>\n","protected":false},"excerpt":{"rendered":"<p>O\u00a0 m\u00e1gico Ambr\u00f3sio maravilhou com as suas atua\u00e7\u00f5es&#8230; Com dois espet\u00e1culos de 50 minutos (para o pr\u00e9-escolar e 1\u00ba ciclo),\u00a0 e com o envolvimento dos nossos os alunos que &#8211; neste dia &#8211; tamb\u00e9m foram m\u00e1gicos, os n\u00fameros deixaram todos incr\u00e9dulos e maravilhados. Seguiu-se a vinda do Pai Natal e o lanche, onde as prendas <a href=\"https:\/\/www.externatomeninojesus.pt\/site\/2015\/12\/13\/festa-de-natal\/\">[&#8230;]<\/a><\/p>\n","protected":false},"author":2,"featured_media":0,"comment_status":"closed","ping_status":"closed","sticky":false,"template":"","format":"standard","meta":[],"categories":[1],"tags":[38,37,36,39],"_links":{"self":[{"href":"https:\/\/www.externatomeninojesus.pt\/site\/wp-json\/wp\/v2\/posts\/594"}],"collection":[{"href":"https:\/\/www.externatomeninojesus.pt\/site\/wp-json\/wp\/v2\/posts"}],"about":[{"href":"https:\/\/www.externatomeninojesus.pt\/site\/wp-json\/wp\/v2\/types\/post"}],"author":[{"embeddable":true,"href":"https:\/\/www.externatomeninojesus.pt\/site\/wp-json\/wp\/v2\/users\/2"}],"replies":[{"embeddable":true,"href":"https:\/\/www.externatomeninojesus.pt\/site\/wp-json\/wp\/v2\/comments?post=594"}],"version-history":[{"count":28,"href":"https:\/\/www.externatomeninojesus.pt\/site\/wp-json\/wp\/v2\/posts\/594\/revisions"}],"predecessor-version":[{"id":1292,"href":"https:\/\/www.externatomeninojesus.pt\/site\/wp-json\/wp\/v2\/posts\/594\/revisions\/1292"}],"wp:attachment":[{"href":"https:\/\/www.externatomeninojesus.pt\/site\/wp-json\/wp\/v2\/media?parent=594"}],"wp:term":[{"taxonomy":"category","embeddable":true,"href":"https:\/\/www.externatomeninojesus.pt\/site\/wp-json\/wp\/v2\/categories?post=594"},{"taxonomy":"post_tag","embeddable":true,"href":"https:\/\/www.externatomeninojesus.pt\/site\/wp-json\/wp\/v2\/tags?post=594"}],"curies":[{"name":"wp","href":"https:\/\/api.w.org\/{rel}","templated":true}]}}