{"id":425,"date":"2015-12-14T12:30:19","date_gmt":"2015-12-14T12:30:19","guid":{"rendered":"http:\/\/www.externatomeninojesus.pt\/site\/?p=425"},"modified":"2016-12-19T16:01:11","modified_gmt":"2016-12-19T16:01:11","slug":"reuniao-de-pais","status":"publish","type":"post","link":"https:\/\/www.externatomeninojesus.pt\/site\/2015\/12\/14\/reuniao-de-pais\/","title":{"rendered":"Reuni\u00e3o de Pais"},"content":{"rendered":"<p>Realizou-se no passado dia <strong>13 de janeiro<\/strong> a habitual reuni\u00e3o de Pais dos alunos do Externato Menino Jesus. Efetuou-se o balan\u00e7o do 1\u00ba trimestre do ano letivo 14\/15 e apresentou-se, em di\u00e1logo com os pais, os desafios e as metas para os pr\u00f3ximos meses de aulas<strong>.<\/strong><\/p>\n<p><a href=\"https:\/\/www.externatomeninojesus.pt\/site\/wp-content\/uploads\/2014\/12\/meeting01.jpg\"><img loading=\"lazy\" class=\"alignnone size-medium wp-image-426\" src=\"https:\/\/www.externatomeninojesus.pt\/site\/wp-content\/uploads\/2014\/12\/meeting01-278x300.jpg\" alt=\"apontamentos\" width=\"278\" height=\"300\" srcset=\"https:\/\/www.externatomeninojesus.pt\/site\/wp-content\/uploads\/2014\/12\/meeting01-278x300.jpg 278w, https:\/\/www.externatomeninojesus.pt\/site\/wp-content\/uploads\/2014\/12\/meeting01-600x647.jpg 600w, https:\/\/www.externatomeninojesus.pt\/site\/wp-content\/uploads\/2014\/12\/meeting01.jpg 800w\" sizes=\"(max-width: 278px) 100vw, 278px\" \/><\/a><\/p>\n<p>A reuni\u00e3o organizou-se nos seguintes termos:<\/p>\n<p>Pr\u00e9-escolar<\/p>\n<p>19h00 \u2013 19h30: Palestra \u201cIntelig\u00eancia Emocional para Crian\u00e7as\u201d <sup>(a)<\/sup><\/p>\n<p>19h30 \u2013 20h00: Reuni\u00e3o com a respetiva educadora<\/p>\n<p>&nbsp;<\/p>\n<p>1\u00ba Ciclo<\/p>\n<p>19h00 \u2013 19h30: Reuni\u00e3o com a respetiva professora<\/p>\n<p>19h30 \u2013 20h00: Palestra \u201cIntelig\u00eancia Emocional para Crian\u00e7as\u201d <sup>(a)<\/sup><\/p>\n<p>&nbsp;<\/p>\n<p><strong><sup>(<\/sup><\/strong><strong><sup>a)<\/sup><\/strong> <strong>Palestra: \u201cIntelig\u00eancia Emocional para Crian\u00e7as\u201d<\/strong><\/p>\n<p><strong>\u00a0\u00a0\u00a0\u00a0\u00a0\u00a0\u00a0\u00a0\u00a0 Laura Palma Nunes &#8211; Psic\u00f3loga<\/strong><\/p>\n<p>A intelig\u00eancia emocional \u00e9 considerada uma das capacidades mais importantes do ser humano pois constitui uma ferramenta positiva para muitos contextos. Os estudos indicam que as crian\u00e7as emocionalmente inteligentes tendem a exprimir a agressividade de forma mais adequada, s\u00e3o mais flex\u00edveis face \u00e0s contrariedades (mais resilientes), mais soci\u00e1veis e mais criativas na procura de solu\u00e7\u00f5es para os problemas do dia-a-dia.<\/p>\n<p>Quando todos apostamos na Escola para promover o sucesso profissional dos nossos filhos, pensamos muitas vezes no desenvolvimento cognitivo e acabamos por esquecer a import\u00e2ncia que a\u00a0 intelig\u00eancia emocional tem no sucesso dos nossos filhos enquanto adultos &#8211; pessoal, social e profissional.<\/p>\n<p>Educar n\u00e3o \u00e9 f\u00e1cil, educar para o reconhecimento e ajustamento das emo\u00e7\u00f5es \u00e9 uma arte. Os pais t\u00eam um papel fundamental na aprendizagem da intelig\u00eancia emocional, como tal, vamos parar e pensar sobre isto&#8230;<\/p>\n<p>Disponibilizamos, no &#8220;<em>liga\u00e7\u00e3o<\/em>&#8221; abaixo colocada, o conjunto de diapositivos de suporte da palestra realizada pela psic\u00f3loga do Externato, Dr\u00aa Laura Palma Nunes.<\/p>\n<p><a href=\"https:\/\/www.externatomeninojesus.pt\/site\/wp-content\/uploads\/2014\/12\/Intelig\u00eancia-Emocional-na-Crian\u00e7a.pdf\">Intelig\u00eancia Emocional na Crian\u00e7a<\/a><\/p>\n<p>&nbsp;<\/p>\n","protected":false},"excerpt":{"rendered":"<p>Realizou-se no passado dia 13 de janeiro a habitual reuni\u00e3o de Pais dos alunos do Externato Menino Jesus. Efetuou-se o balan\u00e7o do 1\u00ba trimestre do ano letivo 14\/15 e apresentou-se, em di\u00e1logo com os pais, os desafios e as metas para os pr\u00f3ximos meses de aulas. A reuni\u00e3o organizou-se nos seguintes termos: Pr\u00e9-escolar 19h00 \u2013 <a href=\"https:\/\/www.externatomeninojesus.pt\/site\/2015\/12\/14\/reuniao-de-pais\/\">[&#8230;]<\/a><\/p>\n","protected":false},"author":2,"featured_media":0,"comment_status":"closed","ping_status":"closed","sticky":false,"template":"","format":"standard","meta":[],"categories":[1],"tags":[18,32,31,19],"_links":{"self":[{"href":"https:\/\/www.externatomeninojesus.pt\/site\/wp-json\/wp\/v2\/posts\/425"}],"collection":[{"href":"https:\/\/www.externatomeninojesus.pt\/site\/wp-json\/wp\/v2\/posts"}],"about":[{"href":"https:\/\/www.externatomeninojesus.pt\/site\/wp-json\/wp\/v2\/types\/post"}],"author":[{"embeddable":true,"href":"https:\/\/www.externatomeninojesus.pt\/site\/wp-json\/wp\/v2\/users\/2"}],"replies":[{"embeddable":true,"href":"https:\/\/www.externatomeninojesus.pt\/site\/wp-json\/wp\/v2\/comments?post=425"}],"version-history":[{"count":9,"href":"https:\/\/www.externatomeninojesus.pt\/site\/wp-json\/wp\/v2\/posts\/425\/revisions"}],"predecessor-version":[{"id":1294,"href":"https:\/\/www.externatomeninojesus.pt\/site\/wp-json\/wp\/v2\/posts\/425\/revisions\/1294"}],"wp:attachment":[{"href":"https:\/\/www.externatomeninojesus.pt\/site\/wp-json\/wp\/v2\/media?parent=425"}],"wp:term":[{"taxonomy":"category","embeddable":true,"href":"https:\/\/www.externatomeninojesus.pt\/site\/wp-json\/wp\/v2\/categories?post=425"},{"taxonomy":"post_tag","embeddable":true,"href":"https:\/\/www.externatomeninojesus.pt\/site\/wp-json\/wp\/v2\/tags?post=425"}],"curies":[{"name":"wp","href":"https:\/\/api.w.org\/{rel}","templated":true}]}}