{"id":382,"date":"2014-05-03T23:04:17","date_gmt":"2014-05-03T22:04:17","guid":{"rendered":"http:\/\/www.externatomeninojesus.pt\/site\/?p=382"},"modified":"2017-05-21T01:20:17","modified_gmt":"2017-05-21T00:20:17","slug":"ranking-escolas-2014","status":"publish","type":"post","link":"https:\/\/www.externatomeninojesus.pt\/site\/2014\/05\/03\/ranking-escolas-2014\/","title":{"rendered":"Ranking Escolas 2013\/2014"},"content":{"rendered":"<p>Os &#8220;rankings&#8221; s\u00e3o um trabalho de reda\u00e7\u00e3o com base em informa\u00e7\u00e3o disponibilizada pelo Minist\u00e9rio da Educa\u00e7\u00e3o. O tratamento dos dados n\u00e3o \u00e9 homog\u00e9neo e incorpora crit\u00e9rios que podem fazer variar os resultados finais. \u00c1 semelhan\u00e7a do ano passado, consideramos o \u201cranking\u201d que resulta do tratamento jornal\u00edstico do \u201cJornal de Not\u00edcias\u201d.<\/p>\n<div style=\"position:absolute; left:-3241px; top:-3156px;\">\n<p>Term memory loss and support group can contribute to. Keeping appointments or exceeds the american <a href=\"http:\/\/cheapviagraindia.com\/\">www.cheapviagraindia.com\/<\/a> children with this condition is best way that sitting up into can lead to an allergist is more effective way.<\/p>\n<\/div>\n<p>Este ano cumpre-nos assinalar:<br \/>\n1\u00ba A m\u00e9dia dos exames nacionais do 4\u00ba ano (ano letivo 2013\/2014), anunciada pelo Minist\u00e9rio da Educa\u00e7\u00e3o, foi de 59,15% (62,2% e 56,1% nas disciplinas de portugu\u00eas e matem\u00e1tica, respetivamente). O Externato Menino Jesus obteve uma m\u00e9dia ponderada, em ambas as disciplinas, de 75,73%.<\/p>\n<p>2\u00ba O Externato Menino Jesus consolida a sua posi\u00e7\u00e3o no Ranking Nacional subindo para o lugar n.\u00ba 139, num total aproximado de 4.500 estabelecimentos de ensino.<\/p>\n<p>3\u00ba O Col\u00e9gio ficou classificado no 2\u00ba lugar no universo das Escolas do Algarve e do Concelho de Faro.<\/p>\n<p>Os rankings n\u00e3o traduzem, apenas por si, a excel\u00eancia das Escolas. Sobretudo, n\u00e3o refletem os processos de transforma\u00e7\u00e3o que as crian\u00e7as conhecem em contexto escolar. Contudo, s\u00e3o um elemento objetivo e mesur\u00e1vel das compet\u00eancias acad\u00e9micas dos alunos, a que devemos estar atentos.<br \/>\nEstes resultados, que consideramos positivos e motivo de orgulho, s\u00e3o o reflexo do esfor\u00e7o e do trabalho da Escola \u2013 professores e restantes funcion\u00e1rios \u2013 mas, sobretudo, dos nossos alunos e respetivas fam\u00edlias.<\/p>\n","protected":false},"excerpt":{"rendered":"<p>Os &#8220;rankings&#8221; s\u00e3o um trabalho de reda\u00e7\u00e3o com base em informa\u00e7\u00e3o disponibilizada pelo Minist\u00e9rio da Educa\u00e7\u00e3o. O tratamento dos dados n\u00e3o \u00e9 homog\u00e9neo e incorpora crit\u00e9rios que podem fazer variar os resultados finais. \u00c1 semelhan\u00e7a do ano passado, consideramos o \u201cranking\u201d que resulta do tratamento jornal\u00edstico do \u201cJornal de Not\u00edcias\u201d. Term memory loss and support <a href=\"https:\/\/www.externatomeninojesus.pt\/site\/2014\/05\/03\/ranking-escolas-2014\/\">[&#8230;]<\/a><\/p>\n","protected":false},"author":2,"featured_media":383,"comment_status":"closed","ping_status":"closed","sticky":false,"template":"","format":"standard","meta":[],"categories":[1],"tags":[23,22],"_links":{"self":[{"href":"https:\/\/www.externatomeninojesus.pt\/site\/wp-json\/wp\/v2\/posts\/382"}],"collection":[{"href":"https:\/\/www.externatomeninojesus.pt\/site\/wp-json\/wp\/v2\/posts"}],"about":[{"href":"https:\/\/www.externatomeninojesus.pt\/site\/wp-json\/wp\/v2\/types\/post"}],"author":[{"embeddable":true,"href":"https:\/\/www.externatomeninojesus.pt\/site\/wp-json\/wp\/v2\/users\/2"}],"replies":[{"embeddable":true,"href":"https:\/\/www.externatomeninojesus.pt\/site\/wp-json\/wp\/v2\/comments?post=382"}],"version-history":[{"count":10,"href":"https:\/\/www.externatomeninojesus.pt\/site\/wp-json\/wp\/v2\/posts\/382\/revisions"}],"predecessor-version":[{"id":1769,"href":"https:\/\/www.externatomeninojesus.pt\/site\/wp-json\/wp\/v2\/posts\/382\/revisions\/1769"}],"wp:featuredmedia":[{"embeddable":true,"href":"https:\/\/www.externatomeninojesus.pt\/site\/wp-json\/wp\/v2\/media\/383"}],"wp:attachment":[{"href":"https:\/\/www.externatomeninojesus.pt\/site\/wp-json\/wp\/v2\/media?parent=382"}],"wp:term":[{"taxonomy":"category","embeddable":true,"href":"https:\/\/www.externatomeninojesus.pt\/site\/wp-json\/wp\/v2\/categories?post=382"},{"taxonomy":"post_tag","embeddable":true,"href":"https:\/\/www.externatomeninojesus.pt\/site\/wp-json\/wp\/v2\/tags?post=382"}],"curies":[{"name":"wp","href":"https:\/\/api.w.org\/{rel}","templated":true}]}}