{"id":2225,"date":"2018-04-05T15:12:07","date_gmt":"2018-04-05T14:12:07","guid":{"rendered":"http:\/\/www.externatomeninojesus.pt\/site\/?p=2225"},"modified":"2018-04-05T15:12:07","modified_gmt":"2018-04-05T14:12:07","slug":"as-artes-na-ponta-dos-dedos-2","status":"publish","type":"post","link":"https:\/\/www.externatomeninojesus.pt\/site\/2018\/04\/05\/as-artes-na-ponta-dos-dedos-2\/","title":{"rendered":"As Artes na Ponta dos Dedos"},"content":{"rendered":"<p>A inf\u00e2ncia \u00e9 uma \u00e9poca de descobertas, aventuras e magia para as crian\u00e7as. \u00c9 nesta fase, durante a educa\u00e7\u00e3o infantil, que as crian\u00e7as t\u00eam os primeiros contactos com as linguagens da arte. Cabe \u00e0 Escola valorizar os conhecimentos e a criatividade que elas trazem para a sala de aula, e compreender a import\u00e2ncia que decorre do ato de explorarem, pesquisarem e realizarem coisas novas.\u00a0Nesta fase, elas sonham acordadas, inventam e descobrem, aventuram-se num mundo desconhecido e n\u00e3o t\u00eam medo ou vergonha de criar.<\/p>\n<p>Para crescerem e se desenvolverem as crian\u00e7as necessitam de desfrutar de um ambiente favor\u00e1vel \u00e0 criatividade, revelando, assim, atrav\u00e9s das suas manifesta\u00e7\u00f5es art\u00edsticas o que pensam, sentem e imaginam.<\/p>\n<p>O Externato Menino Jesus tem vindo a desenvolver no decorrer deste ano letivo, com a totalidade das crian\u00e7as do Col\u00e9gio, um conjunto de trabalhos que materializam o proposto no nosso Projeto Educativo. Nestas idades o acompanhamento e orienta\u00e7\u00e3o dos adultos, sem comprometer as op\u00e7\u00f5es art\u00edsticas das crian\u00e7as, \u00e9 fundamental\u00a0na explora\u00e7\u00e3o e desenvolvimento da criatividade. O recurso \u00e0s pinturas, \u00e0s artes pl\u00e1sticas e a utiliza\u00e7\u00e3o de diversos materiais, de forma divertida e l\u00fadica tem acompanhado a realiza\u00e7\u00e3o de todos os trabalhos numa rela\u00e7\u00e3o prazerosa com os conte\u00fados propostos. Os projetos &#8211; no \u00e2mbito do projeto educativo &#8211; n\u00e3o est\u00e3o conclu\u00eddos, e prometem trazer muito colorido ao Col\u00e9gio no 3\u00ba periodo do presente ano letivo.<\/p>\n<p><a href=\"https:\/\/www.externatomeninojesus.pt\/site\/wp-content\/uploads\/2018\/04\/20180126_152116_site.jpg\"><img loading=\"lazy\" class=\"alignnone size-medium wp-image-2236\" src=\"https:\/\/www.externatomeninojesus.pt\/site\/wp-content\/uploads\/2018\/04\/20180126_152116_site-300x225.jpg\" alt=\"20180126_152116_site\" width=\"300\" height=\"225\" srcset=\"https:\/\/www.externatomeninojesus.pt\/site\/wp-content\/uploads\/2018\/04\/20180126_152116_site-300x225.jpg 300w, https:\/\/www.externatomeninojesus.pt\/site\/wp-content\/uploads\/2018\/04\/20180126_152116_site-1024x768.jpg 1024w, https:\/\/www.externatomeninojesus.pt\/site\/wp-content\/uploads\/2018\/04\/20180126_152116_site-600x450.jpg 600w\" sizes=\"(max-width: 300px) 100vw, 300px\" \/><\/a>\u00a0<a href=\"https:\/\/www.externatomeninojesus.pt\/site\/wp-content\/uploads\/2017\/12\/Foto7_site.jpg\"><img loading=\"lazy\" class=\"alignnone size-medium wp-image-2085\" src=\"https:\/\/www.externatomeninojesus.pt\/site\/wp-content\/uploads\/2017\/12\/Foto7_site-300x200.jpg\" alt=\"Foto7_site\" width=\"300\" height=\"200\" srcset=\"https:\/\/www.externatomeninojesus.pt\/site\/wp-content\/uploads\/2017\/12\/Foto7_site-300x200.jpg 300w, https:\/\/www.externatomeninojesus.pt\/site\/wp-content\/uploads\/2017\/12\/Foto7_site-1024x682.jpg 1024w, https:\/\/www.externatomeninojesus.pt\/site\/wp-content\/uploads\/2017\/12\/Foto7_site-600x400.jpg 600w, https:\/\/www.externatomeninojesus.pt\/site\/wp-content\/uploads\/2017\/12\/Foto7_site.jpg 1300w\" sizes=\"(max-width: 300px) 100vw, 300px\" \/><\/a>\u00a0<a href=\"https:\/\/www.externatomeninojesus.pt\/site\/wp-content\/uploads\/2018\/04\/DSC00205_site.jpg\"><img loading=\"lazy\" class=\"alignnone size-medium wp-image-2238\" src=\"https:\/\/www.externatomeninojesus.pt\/site\/wp-content\/uploads\/2018\/04\/DSC00205_site-300x225.jpg\" alt=\"DSC00205_site\" width=\"300\" height=\"225\" srcset=\"https:\/\/www.externatomeninojesus.pt\/site\/wp-content\/uploads\/2018\/04\/DSC00205_site-300x225.jpg 300w, https:\/\/www.externatomeninojesus.pt\/site\/wp-content\/uploads\/2018\/04\/DSC00205_site-1024x768.jpg 1024w, https:\/\/www.externatomeninojesus.pt\/site\/wp-content\/uploads\/2018\/04\/DSC00205_site-600x450.jpg 600w\" sizes=\"(max-width: 300px) 100vw, 300px\" \/><\/a>\u00a0<a href=\"https:\/\/www.externatomeninojesus.pt\/site\/wp-content\/uploads\/2018\/04\/20170913_114517_site.jpg\"><img loading=\"lazy\" class=\"alignnone size-medium wp-image-2234\" src=\"https:\/\/www.externatomeninojesus.pt\/site\/wp-content\/uploads\/2018\/04\/20170913_114517_site-300x225.jpg\" alt=\"20170913_114517_site\" width=\"300\" height=\"225\" srcset=\"https:\/\/www.externatomeninojesus.pt\/site\/wp-content\/uploads\/2018\/04\/20170913_114517_site-300x225.jpg 300w, https:\/\/www.externatomeninojesus.pt\/site\/wp-content\/uploads\/2018\/04\/20170913_114517_site-1024x768.jpg 1024w, https:\/\/www.externatomeninojesus.pt\/site\/wp-content\/uploads\/2018\/04\/20170913_114517_site-600x450.jpg 600w\" sizes=\"(max-width: 300px) 100vw, 300px\" \/><\/a>\u00a0<a href=\"https:\/\/www.externatomeninojesus.pt\/site\/wp-content\/uploads\/2018\/04\/IMG_0165_site.jpg\"><img loading=\"lazy\" class=\"alignnone size-medium wp-image-2229\" src=\"https:\/\/www.externatomeninojesus.pt\/site\/wp-content\/uploads\/2018\/04\/IMG_0165_site-225x300.jpg\" alt=\"IMG_0165_site\" width=\"225\" height=\"300\" srcset=\"https:\/\/www.externatomeninojesus.pt\/site\/wp-content\/uploads\/2018\/04\/IMG_0165_site-225x300.jpg 225w, https:\/\/www.externatomeninojesus.pt\/site\/wp-content\/uploads\/2018\/04\/IMG_0165_site-768x1024.jpg 768w, https:\/\/www.externatomeninojesus.pt\/site\/wp-content\/uploads\/2018\/04\/IMG_0165_site-600x800.jpg 600w\" sizes=\"(max-width: 225px) 100vw, 225px\" \/><\/a>\u00a0<a href=\"https:\/\/www.externatomeninojesus.pt\/site\/wp-content\/uploads\/2018\/04\/20171106_150040_site.jpg\"><img loading=\"lazy\" class=\"alignnone size-medium wp-image-2231\" src=\"https:\/\/www.externatomeninojesus.pt\/site\/wp-content\/uploads\/2018\/04\/20171106_150040_site-300x225.jpg\" alt=\"20171106_150040_site\" width=\"300\" height=\"225\" srcset=\"https:\/\/www.externatomeninojesus.pt\/site\/wp-content\/uploads\/2018\/04\/20171106_150040_site-300x225.jpg 300w, https:\/\/www.externatomeninojesus.pt\/site\/wp-content\/uploads\/2018\/04\/20171106_150040_site-1024x768.jpg 1024w, https:\/\/www.externatomeninojesus.pt\/site\/wp-content\/uploads\/2018\/04\/20171106_150040_site-600x450.jpg 600w\" sizes=\"(max-width: 300px) 100vw, 300px\" \/><\/a>\u00a0<a href=\"https:\/\/www.externatomeninojesus.pt\/site\/wp-content\/uploads\/2018\/04\/20171110_153620_Site.jpg\"><img loading=\"lazy\" class=\"alignnone size-medium wp-image-2233\" src=\"https:\/\/www.externatomeninojesus.pt\/site\/wp-content\/uploads\/2018\/04\/20171110_153620_Site-225x300.jpg\" alt=\"20171110_153620_Site\" width=\"225\" height=\"300\" srcset=\"https:\/\/www.externatomeninojesus.pt\/site\/wp-content\/uploads\/2018\/04\/20171110_153620_Site-225x300.jpg 225w, https:\/\/www.externatomeninojesus.pt\/site\/wp-content\/uploads\/2018\/04\/20171110_153620_Site-768x1024.jpg 768w, https:\/\/www.externatomeninojesus.pt\/site\/wp-content\/uploads\/2018\/04\/20171110_153620_Site-600x800.jpg 600w\" sizes=\"(max-width: 225px) 100vw, 225px\" \/><\/a><\/p>\n<p>&nbsp;<\/p>\n","protected":false},"excerpt":{"rendered":"<p>A inf\u00e2ncia \u00e9 uma \u00e9poca de descobertas, aventuras e magia para as crian\u00e7as. \u00c9 nesta fase, durante a educa\u00e7\u00e3o infantil, que as crian\u00e7as t\u00eam os primeiros contactos com as linguagens da arte. Cabe \u00e0 Escola valorizar os conhecimentos e a criatividade que elas trazem para a sala de aula, e compreender a import\u00e2ncia que decorre <a href=\"https:\/\/www.externatomeninojesus.pt\/site\/2018\/04\/05\/as-artes-na-ponta-dos-dedos-2\/\">[&#8230;]<\/a><\/p>\n","protected":false},"author":2,"featured_media":0,"comment_status":"open","ping_status":"open","sticky":false,"template":"","format":"standard","meta":[],"categories":[2],"tags":[166,164,98],"_links":{"self":[{"href":"https:\/\/www.externatomeninojesus.pt\/site\/wp-json\/wp\/v2\/posts\/2225"}],"collection":[{"href":"https:\/\/www.externatomeninojesus.pt\/site\/wp-json\/wp\/v2\/posts"}],"about":[{"href":"https:\/\/www.externatomeninojesus.pt\/site\/wp-json\/wp\/v2\/types\/post"}],"author":[{"embeddable":true,"href":"https:\/\/www.externatomeninojesus.pt\/site\/wp-json\/wp\/v2\/users\/2"}],"replies":[{"embeddable":true,"href":"https:\/\/www.externatomeninojesus.pt\/site\/wp-json\/wp\/v2\/comments?post=2225"}],"version-history":[{"count":3,"href":"https:\/\/www.externatomeninojesus.pt\/site\/wp-json\/wp\/v2\/posts\/2225\/revisions"}],"predecessor-version":[{"id":2240,"href":"https:\/\/www.externatomeninojesus.pt\/site\/wp-json\/wp\/v2\/posts\/2225\/revisions\/2240"}],"wp:attachment":[{"href":"https:\/\/www.externatomeninojesus.pt\/site\/wp-json\/wp\/v2\/media?parent=2225"}],"wp:term":[{"taxonomy":"category","embeddable":true,"href":"https:\/\/www.externatomeninojesus.pt\/site\/wp-json\/wp\/v2\/categories?post=2225"},{"taxonomy":"post_tag","embeddable":true,"href":"https:\/\/www.externatomeninojesus.pt\/site\/wp-json\/wp\/v2\/tags?post=2225"}],"curies":[{"name":"wp","href":"https:\/\/api.w.org\/{rel}","templated":true}]}}