{"id":1501,"date":"2017-02-22T10:50:34","date_gmt":"2017-02-22T10:50:34","guid":{"rendered":"http:\/\/www.externatomeninojesus.pt\/site\/?p=1501"},"modified":"2017-02-22T11:15:22","modified_gmt":"2017-02-22T11:15:22","slug":"escritor-antonio-vilhena-apresentacao-de-livro","status":"publish","type":"post","link":"https:\/\/www.externatomeninojesus.pt\/site\/2017\/02\/22\/escritor-antonio-vilhena-apresentacao-de-livro\/","title":{"rendered":"Escritor Ant\u00f3nio Vilhena &#8211; Apresenta\u00e7\u00e3o de livro"},"content":{"rendered":"<p><img loading=\"lazy\" class=\"alignnone size-medium wp-image-1506\" src=\"https:\/\/www.externatomeninojesus.pt\/site\/wp-content\/uploads\/2017\/02\/20170209_145052_site-300x169.jpg\" alt=\"20170209_145052_site\" width=\"300\" height=\"169\" srcset=\"https:\/\/www.externatomeninojesus.pt\/site\/wp-content\/uploads\/2017\/02\/20170209_145052_site-300x169.jpg 300w, https:\/\/www.externatomeninojesus.pt\/site\/wp-content\/uploads\/2017\/02\/20170209_145052_site-1024x576.jpg 1024w, https:\/\/www.externatomeninojesus.pt\/site\/wp-content\/uploads\/2017\/02\/20170209_145052_site-600x338.jpg 600w\" sizes=\"(max-width: 300px) 100vw, 300px\" \/><\/p>\n<p>No dia 9 de fevereiro o Externato Menino Jesus teve o privil\u00e9gio de receber \u00a0o escritor\u00a0<strong>Ant\u00f3nio Vilhena<\/strong>\u00a0que realizou a apresenta\u00e7\u00e3o do seu \u00faltimo livro &#8220;<strong><em>Pic\u00f3 Seis Dedos no Planeta Azul<\/em><\/strong><em>&#8220;<\/em><em>. <\/em>Foi com entusiasmo que os alunos do Col\u00e9gio receberam o escritor, escutaram e questionaram.<\/p>\n<p>O livro:<\/p>\n<p>\u201c Joana era uma menina fr\u00e1gil e com dificuldades de comunica\u00e7\u00e3o, por isso, criou uma personagem: Pic\u00f3 Seis Dedos. A sua fam\u00edlia cresceu ao sabor da imagina\u00e7\u00e3o da pequena Joana.<\/p>\n<p>No dia do seu anivers\u00e1rio, \u00e0 hora da festa, Joaninha apresentou os seus bonecos: a fam\u00edlia Pic\u00f3. Era uma fam\u00edlia muito diferente: todos tinham seis dedos. As crian\u00e7as eram felizes e os adultos \u2013 que contavam hist\u00f3rias muito antigas aos mais novos &#8211; viviam eternamente. A m\u00fasica soltava-se das suas vozes e encantava o universo. A fam\u00edlia da Joaninha descobriu, finalmente, que ela inventava hist\u00f3rias para comunicar e ser mais feliz.\u201d<\/p>\n<p><img loading=\"lazy\" class=\"alignnone  wp-image-1507\" src=\"https:\/\/www.externatomeninojesus.pt\/site\/wp-content\/uploads\/2017\/02\/20170209_145727_site-169x300.jpg\" alt=\"20170209_145727_site\" width=\"162\" height=\"288\" srcset=\"https:\/\/www.externatomeninojesus.pt\/site\/wp-content\/uploads\/2017\/02\/20170209_145727_site-169x300.jpg 169w, https:\/\/www.externatomeninojesus.pt\/site\/wp-content\/uploads\/2017\/02\/20170209_145727_site-576x1024.jpg 576w, https:\/\/www.externatomeninojesus.pt\/site\/wp-content\/uploads\/2017\/02\/20170209_145727_site-600x1067.jpg 600w, https:\/\/www.externatomeninojesus.pt\/site\/wp-content\/uploads\/2017\/02\/20170209_145727_site.jpg 1836w\" sizes=\"(max-width: 162px) 100vw, 162px\" \/>\u00a0<img loading=\"lazy\" class=\"alignnone  wp-image-1511\" src=\"https:\/\/www.externatomeninojesus.pt\/site\/wp-content\/uploads\/2017\/02\/IMG_20170209_154526_site-222x300.jpg\" alt=\"IMG_20170209_154526_site\" width=\"213\" height=\"287\" srcset=\"https:\/\/www.externatomeninojesus.pt\/site\/wp-content\/uploads\/2017\/02\/IMG_20170209_154526_site-222x300.jpg 222w, https:\/\/www.externatomeninojesus.pt\/site\/wp-content\/uploads\/2017\/02\/IMG_20170209_154526_site-759x1024.jpg 759w, https:\/\/www.externatomeninojesus.pt\/site\/wp-content\/uploads\/2017\/02\/IMG_20170209_154526_site-600x809.jpg 600w\" sizes=\"(max-width: 213px) 100vw, 213px\" \/>\u00a0<img loading=\"lazy\" class=\"alignnone  wp-image-1510\" src=\"https:\/\/www.externatomeninojesus.pt\/site\/wp-content\/uploads\/2017\/02\/IMG_20170209_150305_site-222x300.jpg\" alt=\"IMG_20170209_150305_site\" width=\"215\" height=\"291\" srcset=\"https:\/\/www.externatomeninojesus.pt\/site\/wp-content\/uploads\/2017\/02\/IMG_20170209_150305_site-222x300.jpg 222w, https:\/\/www.externatomeninojesus.pt\/site\/wp-content\/uploads\/2017\/02\/IMG_20170209_150305_site-759x1024.jpg 759w, https:\/\/www.externatomeninojesus.pt\/site\/wp-content\/uploads\/2017\/02\/IMG_20170209_150305_site-600x809.jpg 600w\" sizes=\"(max-width: 215px) 100vw, 215px\" \/><\/p>\n<p>Entendemos ser fundamental reconhecer a import\u00e2ncia da literatura infantil e incentivar a forma\u00e7\u00e3o do h\u00e1bito de leitura na idade em que muitos dos h\u00e1bitos se formam (na inf\u00e2ncia). Nesse sentido, a literatura infantil \u00e9 um caminho que leva a crian\u00e7a a desenvolver a imagina\u00e7\u00e3o, emo\u00e7\u00f5es e sentimentos de forma prazerosa e significativa. Promove a autonomia, a aquisi\u00e7\u00e3o de conhecimentos e o desenvolvimento de um esp\u00edrito cr\u00edtico.<\/p>\n<p><img loading=\"lazy\" class=\"alignnone size-medium wp-image-1512\" src=\"https:\/\/www.externatomeninojesus.pt\/site\/wp-content\/uploads\/2017\/02\/IMG_20170209_154845_site-222x300.jpg\" alt=\"IMG_20170209_154845_site\" width=\"222\" height=\"300\" srcset=\"https:\/\/www.externatomeninojesus.pt\/site\/wp-content\/uploads\/2017\/02\/IMG_20170209_154845_site-222x300.jpg 222w, https:\/\/www.externatomeninojesus.pt\/site\/wp-content\/uploads\/2017\/02\/IMG_20170209_154845_site-759x1024.jpg 759w, https:\/\/www.externatomeninojesus.pt\/site\/wp-content\/uploads\/2017\/02\/IMG_20170209_154845_site-600x809.jpg 600w\" sizes=\"(max-width: 222px) 100vw, 222px\" \/><\/p>\n<p>A vinda do escritor\u00a0<strong>Ant\u00f3nio Vilhena\u00a0<\/strong>ao Externato teve, sobretudo, o objetivo de motivar e envolver, cada vez mais, os nossos alunos para o maravilhoso mundo da leitura.<\/p>\n<p><img loading=\"lazy\" class=\"alignnone wp-image-1505 size-medium\" src=\"https:\/\/www.externatomeninojesus.pt\/site\/wp-content\/uploads\/2017\/02\/20170209_143725_site-300x169.jpg\" alt=\"20170209_143725_site\" width=\"300\" height=\"169\" srcset=\"https:\/\/www.externatomeninojesus.pt\/site\/wp-content\/uploads\/2017\/02\/20170209_143725_site-300x169.jpg 300w, https:\/\/www.externatomeninojesus.pt\/site\/wp-content\/uploads\/2017\/02\/20170209_143725_site-1024x576.jpg 1024w, https:\/\/www.externatomeninojesus.pt\/site\/wp-content\/uploads\/2017\/02\/20170209_143725_site-600x338.jpg 600w\" sizes=\"(max-width: 300px) 100vw, 300px\" \/><\/p>\n<p>Pretendemos tamb\u00e9m, com esta iniciativa, que os nossos alunos percebam todo o trabalho necess\u00e1rio e o n\u00famero de pessoas envolvidas na cria\u00e7\u00e3o do livro. Atrav\u00e9s de muita conversa e de quest\u00f5es que puderam colocar ao autor perceberam os cuidados, as d\u00favidas e as inquieta\u00e7\u00f5es de quem se prop\u00f5e escrever um livro. O que parece f\u00e1cil e \u00f3bvio, muitas vezes, \u00e9 precedido de demoradas reflex\u00f5es. Os livros n\u00e3o \u201caparecem\u201d no supermercado ou nas livrarias, t\u00eam um rosto e s\u00e3o o resultado de um processo criativo longo e ponderado.<\/p>\n<p>No final da apresenta\u00e7\u00e3o os livros adquiridos pelos alunos foram autografados com dedicat\u00f3ria do autor.<\/p>\n<p><a href=\"https:\/\/www.externatomeninojesus.pt\/site\/wp-content\/uploads\/2017\/02\/20170209_153325_site.jpg\"><img loading=\"lazy\" class=\"alignnone size-medium wp-image-1508\" src=\"https:\/\/www.externatomeninojesus.pt\/site\/wp-content\/uploads\/2017\/02\/20170209_153325_site-300x169.jpg\" alt=\"20170209_153325_site\" width=\"300\" height=\"169\" srcset=\"https:\/\/www.externatomeninojesus.pt\/site\/wp-content\/uploads\/2017\/02\/20170209_153325_site-300x169.jpg 300w, https:\/\/www.externatomeninojesus.pt\/site\/wp-content\/uploads\/2017\/02\/20170209_153325_site-1024x576.jpg 1024w, https:\/\/www.externatomeninojesus.pt\/site\/wp-content\/uploads\/2017\/02\/20170209_153325_site-600x338.jpg 600w\" sizes=\"(max-width: 300px) 100vw, 300px\" \/><\/a> \u00a0<a href=\"https:\/\/www.externatomeninojesus.pt\/site\/wp-content\/uploads\/2017\/02\/20170209_153358_site.jpg\"><img loading=\"lazy\" class=\"alignnone size-medium wp-image-1509\" src=\"https:\/\/www.externatomeninojesus.pt\/site\/wp-content\/uploads\/2017\/02\/20170209_153358_site-300x169.jpg\" alt=\"20170209_153358_site\" width=\"300\" height=\"169\" srcset=\"https:\/\/www.externatomeninojesus.pt\/site\/wp-content\/uploads\/2017\/02\/20170209_153358_site-300x169.jpg 300w, https:\/\/www.externatomeninojesus.pt\/site\/wp-content\/uploads\/2017\/02\/20170209_153358_site-1024x576.jpg 1024w, https:\/\/www.externatomeninojesus.pt\/site\/wp-content\/uploads\/2017\/02\/20170209_153358_site-600x338.jpg 600w\" sizes=\"(max-width: 300px) 100vw, 300px\" \/><\/a><\/p>\n","protected":false},"excerpt":{"rendered":"<p>No dia 9 de fevereiro o Externato Menino Jesus teve o privil\u00e9gio de receber \u00a0o escritor\u00a0Ant\u00f3nio Vilhena\u00a0que realizou a apresenta\u00e7\u00e3o do seu \u00faltimo livro &#8220;Pic\u00f3 Seis Dedos no Planeta Azul&#8220;. Foi com entusiasmo que os alunos do Col\u00e9gio receberam o escritor, escutaram e questionaram. O livro: \u201c Joana era uma menina fr\u00e1gil e com dificuldades <a href=\"https:\/\/www.externatomeninojesus.pt\/site\/2017\/02\/22\/escritor-antonio-vilhena-apresentacao-de-livro\/\">[&#8230;]<\/a><\/p>\n","protected":false},"author":2,"featured_media":0,"comment_status":"open","ping_status":"open","sticky":false,"template":"","format":"standard","meta":[],"categories":[2],"tags":[68,139,67,138],"_links":{"self":[{"href":"https:\/\/www.externatomeninojesus.pt\/site\/wp-json\/wp\/v2\/posts\/1501"}],"collection":[{"href":"https:\/\/www.externatomeninojesus.pt\/site\/wp-json\/wp\/v2\/posts"}],"about":[{"href":"https:\/\/www.externatomeninojesus.pt\/site\/wp-json\/wp\/v2\/types\/post"}],"author":[{"embeddable":true,"href":"https:\/\/www.externatomeninojesus.pt\/site\/wp-json\/wp\/v2\/users\/2"}],"replies":[{"embeddable":true,"href":"https:\/\/www.externatomeninojesus.pt\/site\/wp-json\/wp\/v2\/comments?post=1501"}],"version-history":[{"count":18,"href":"https:\/\/www.externatomeninojesus.pt\/site\/wp-json\/wp\/v2\/posts\/1501\/revisions"}],"predecessor-version":[{"id":1528,"href":"https:\/\/www.externatomeninojesus.pt\/site\/wp-json\/wp\/v2\/posts\/1501\/revisions\/1528"}],"wp:attachment":[{"href":"https:\/\/www.externatomeninojesus.pt\/site\/wp-json\/wp\/v2\/media?parent=1501"}],"wp:term":[{"taxonomy":"category","embeddable":true,"href":"https:\/\/www.externatomeninojesus.pt\/site\/wp-json\/wp\/v2\/categories?post=1501"},{"taxonomy":"post_tag","embeddable":true,"href":"https:\/\/www.externatomeninojesus.pt\/site\/wp-json\/wp\/v2\/tags?post=1501"}],"curies":[{"name":"wp","href":"https:\/\/api.w.org\/{rel}","templated":true}]}}