{"id":1028,"date":"2016-09-15T13:42:28","date_gmt":"2016-09-15T12:42:28","guid":{"rendered":"http:\/\/www.externatomeninojesus.pt\/site\/?p=1028"},"modified":"2017-01-23T15:49:38","modified_gmt":"2017-01-23T15:49:38","slug":"primeiros-dias-de-escola","status":"publish","type":"post","link":"https:\/\/www.externatomeninojesus.pt\/site\/2016\/09\/15\/primeiros-dias-de-escola\/","title":{"rendered":"Primeiros dias de Escola"},"content":{"rendered":"<p>Para os alunos novos os primeiros dias de Escola s\u00e3o sempre especiais. A ansiedade de crian\u00e7as e familiares est\u00e1, quase sempre, presente nos processos de adapta\u00e7\u00e3o e integra\u00e7\u00e3o. \u00c9, de alguma forma, inevit\u00e1vel. A\u00a0crian\u00e7a vive um momento delicado, pois tem que aprender, de uma s\u00f3 vez, a afastar-se do conv\u00edvio familiar e a criar novas rela\u00e7\u00f5es afetivas. A emo\u00e7\u00e3o das primeiras separa\u00e7\u00f5es, num contexto novo e desconhecido, \u00e9 muito forte e dif\u00edcil de gerir.<\/p>\n<p>Chegar pela primeira vez a um lugar novo, com caras novas e rotinas diferentes \u00e9 dif\u00edcil para adultos. Tamb\u00e9m o \u00e9, e de forma bastante mais sentida, para as crian\u00e7as. Conhecer esse lugar, torn\u00e1-lo pr\u00f3prio, chegar a desfrut\u00e1-lo \u00e9 um processo em que cada crian\u00e7a leva o seu tempo e reage de forma singular.<\/p>\n<p>Durante o per\u00edodo de adapta\u00e7\u00e3o\u00a0cada fam\u00edlia &#8211; dos novos alunos &#8211; dever\u00e1 criar v\u00ednculos de confian\u00e7a com a Escola, com as educadoras e auxiliares que cuidam dos seus filhos e, ao faz\u00ea-lo, transmitir uma seguran\u00e7a crescente \u00e0s suas crian\u00e7as. N\u00e3o se pode falar da adapta\u00e7\u00e3o de uma maneira geral e universal, n\u00e3o podemos comparar a adapta\u00e7\u00e3o entre umas crian\u00e7as e outras nem pr\u00e9-estabelecer como ser\u00e1 e quanto durar\u00e1 este per\u00edodo. Cada crian\u00e7a, cada fam\u00edlia, cada grupo levar\u00e1 a cabo esse caminho pr\u00f3prio at\u00e9 \u00e0 integra\u00e7\u00e3o e \u00e0 autonomia, aceitando os tempos particulares, os progressos, as frustra\u00e7\u00f5es, as d\u00favida, os \u00eaxitos, as inquietudes e os sucessos \u2026<\/p>\n<p>As experi\u00eancias, viv\u00eancias e brincadeiras nas salas do pr\u00e9-escolar s\u00e3o fundamentais para processos mais r\u00e1pidos e menos angustiantes. A r\u00e1pida no\u00e7\u00e3o, que queremos que as nossas crian\u00e7as desenvolvam, que a escola \u00e9 um local de coisas novas e entusiasmantes \u00e9 decisivo para as primeiras adapta\u00e7\u00f5es.<\/p>\n<p><a href=\"https:\/\/www.flickr.com\/photos\/emj_faro\/albums\/72157672688429630\">Fotos das atividades<\/a> nos primeiros dias na sala dos 3 anos.<\/p>\n<p><a href=\"https:\/\/www.flickr.com\/photos\/emj_faro\/albums\/72157673810619886\">Fotos das atividades<\/a> nos primeiros dias na sala dos 4 anos.<\/p>\n<p>&nbsp;<\/p>\n<p>&nbsp;<\/p>\n","protected":false},"excerpt":{"rendered":"<p>Para os alunos novos os primeiros dias de Escola s\u00e3o sempre especiais. A ansiedade de crian\u00e7as e familiares est\u00e1, quase sempre, presente nos processos de adapta\u00e7\u00e3o e integra\u00e7\u00e3o. \u00c9, de alguma forma, inevit\u00e1vel. A\u00a0crian\u00e7a vive um momento delicado, pois tem que aprender, de uma s\u00f3 vez, a afastar-se do conv\u00edvio familiar e a criar novas <a href=\"https:\/\/www.externatomeninojesus.pt\/site\/2016\/09\/15\/primeiros-dias-de-escola\/\">[&#8230;]<\/a><\/p>\n","protected":false},"author":2,"featured_media":0,"comment_status":"closed","ping_status":"closed","sticky":false,"template":"","format":"standard","meta":[],"categories":[2],"tags":[91,90,51,87],"_links":{"self":[{"href":"https:\/\/www.externatomeninojesus.pt\/site\/wp-json\/wp\/v2\/posts\/1028"}],"collection":[{"href":"https:\/\/www.externatomeninojesus.pt\/site\/wp-json\/wp\/v2\/posts"}],"about":[{"href":"https:\/\/www.externatomeninojesus.pt\/site\/wp-json\/wp\/v2\/types\/post"}],"author":[{"embeddable":true,"href":"https:\/\/www.externatomeninojesus.pt\/site\/wp-json\/wp\/v2\/users\/2"}],"replies":[{"embeddable":true,"href":"https:\/\/www.externatomeninojesus.pt\/site\/wp-json\/wp\/v2\/comments?post=1028"}],"version-history":[{"count":7,"href":"https:\/\/www.externatomeninojesus.pt\/site\/wp-json\/wp\/v2\/posts\/1028\/revisions"}],"predecessor-version":[{"id":1435,"href":"https:\/\/www.externatomeninojesus.pt\/site\/wp-json\/wp\/v2\/posts\/1028\/revisions\/1435"}],"wp:attachment":[{"href":"https:\/\/www.externatomeninojesus.pt\/site\/wp-json\/wp\/v2\/media?parent=1028"}],"wp:term":[{"taxonomy":"category","embeddable":true,"href":"https:\/\/www.externatomeninojesus.pt\/site\/wp-json\/wp\/v2\/categories?post=1028"},{"taxonomy":"post_tag","embeddable":true,"href":"https:\/\/www.externatomeninojesus.pt\/site\/wp-json\/wp\/v2\/tags?post=1028"}],"curies":[{"name":"wp","href":"https:\/\/api.w.org\/{rel}","templated":true}]}}